{"id":870,"date":"2025-06-25T10:55:41","date_gmt":"2025-06-25T08:55:41","guid":{"rendered":"https:\/\/www.iesdamiahuguet.net\/test\/?p=870"},"modified":"2025-06-25T10:55:41","modified_gmt":"2025-06-25T08:55:41","slug":"viatge-a-oliva-de-lalumnat-de-2n-deso","status":"publish","type":"post","link":"https:\/\/www.iesdamiahuguet.net\/test\/2025\/06\/25\/viatge-a-oliva-de-lalumnat-de-2n-deso\/","title":{"rendered":"Viatge a Oliva de l\u2019alumnat de 2n d\u2019ESO"},"content":{"rendered":"<p><span style=\"font-weight: 400\">Entre els dies 16 i 22 de mar\u00e7, 25 alumnes de 2n d\u2019ESO van anar a Oliva. El motiu? La realitzaci\u00f3 d\u2019una immersi\u00f3 ling\u00fc\u00edstica en angl\u00e8s.\u00a0<\/span><\/p>\n<p>&nbsp;<\/p>\n<p><span style=\"font-weight: 400\">El 16 de mar\u00e7 vam partir en vaixell fins a D\u00e8nia, des d\u2019on vam arribar a Oliva en autocar. All\u00e0, vam trobar-nos amb l\u2019alumnat de l\u2019IES Badia i Margarit, d\u2019Igualada (Barcelona), amb qui vam compartir una setmana d\u2019aprenentatge i diversi\u00f3.<\/span><\/p>\n<p><img decoding=\"async\" class=\"aligncenter size-large wp-image-873\" src=\"https:\/\/www.iesdamiahuguet.net\/test\/wp-content\/uploads\/sites\/8\/2025\/06\/Foto-viatge-a-Oliva-2-768x1024.jpg\" alt=\"\" width=\"768\" height=\"1024\" srcset=\"https:\/\/www.iesdamiahuguet.net\/test\/wp-content\/uploads\/sites\/8\/2025\/06\/Foto-viatge-a-Oliva-2-200x267.jpg 200w, https:\/\/www.iesdamiahuguet.net\/test\/wp-content\/uploads\/sites\/8\/2025\/06\/Foto-viatge-a-Oliva-2-225x300.jpg 225w, https:\/\/www.iesdamiahuguet.net\/test\/wp-content\/uploads\/sites\/8\/2025\/06\/Foto-viatge-a-Oliva-2-400x533.jpg 400w, https:\/\/www.iesdamiahuguet.net\/test\/wp-content\/uploads\/sites\/8\/2025\/06\/Foto-viatge-a-Oliva-2-600x800.jpg 600w, https:\/\/www.iesdamiahuguet.net\/test\/wp-content\/uploads\/sites\/8\/2025\/06\/Foto-viatge-a-Oliva-2-768x1024.jpg 768w, https:\/\/www.iesdamiahuguet.net\/test\/wp-content\/uploads\/sites\/8\/2025\/06\/Foto-viatge-a-Oliva-2-800x1067.jpg 800w, https:\/\/www.iesdamiahuguet.net\/test\/wp-content\/uploads\/sites\/8\/2025\/06\/Foto-viatge-a-Oliva-2.jpg 960w\" sizes=\"(max-width: 768px) 100vw, 768px\" \/><\/p>\n<p><span style=\"font-weight: 400\">Durant 5 dies, els nins i nines van tenir l\u2019oportunitat de fer molt\u00edssimes activitats en angl\u00e8s amb l\u2019ajuda i el suport dels monitors. Van imaginar la seva escola ideal, van fer una cerca del tresor, karaoke i, fins i tot, un espectacle de talents! Tamb\u00e9 van tenir l&#8217;ocasi\u00f3 d\u2019anar a la platja a fer jocs d\u2019equip a la sorra, tot i el mal temps que ens va acompanyar tota la setmana.<\/span><\/p>\n<p>&nbsp;<\/p>\n<p><span style=\"font-weight: 400\">A m\u00e9s, tamb\u00e9 van fer obres de teatre en angl\u00e8s, amb l\u2019ajuda de les tres professores de l\u2019institut que els acompanyaven. Van representar contes tradicionals, com ara <\/span><i><span style=\"font-weight: 400\">La caputxeta vermella, R\u00ednxols d\u2019or, L\u2019home de gingebre <\/span><\/i><span style=\"font-weight: 400\">o <\/span><i><span style=\"font-weight: 400\">Hansel i Gretel. <\/span><\/i><span style=\"font-weight: 400\">Van quedar unes obres de teatre espectaculars amb uns actors de primera categoria!<\/span><\/p>\n<p><img decoding=\"async\" class=\"aligncenter size-full wp-image-872\" src=\"https:\/\/www.iesdamiahuguet.net\/test\/wp-content\/uploads\/sites\/8\/2025\/06\/Foto-viatge-a-Oliva-3.jpg\" alt=\"\" width=\"1024\" height=\"1024\" srcset=\"https:\/\/www.iesdamiahuguet.net\/test\/wp-content\/uploads\/sites\/8\/2025\/06\/Foto-viatge-a-Oliva-3-66x66.jpg 66w, https:\/\/www.iesdamiahuguet.net\/test\/wp-content\/uploads\/sites\/8\/2025\/06\/Foto-viatge-a-Oliva-3-150x150.jpg 150w, https:\/\/www.iesdamiahuguet.net\/test\/wp-content\/uploads\/sites\/8\/2025\/06\/Foto-viatge-a-Oliva-3-200x200.jpg 200w, https:\/\/www.iesdamiahuguet.net\/test\/wp-content\/uploads\/sites\/8\/2025\/06\/Foto-viatge-a-Oliva-3-300x300.jpg 300w, https:\/\/www.iesdamiahuguet.net\/test\/wp-content\/uploads\/sites\/8\/2025\/06\/Foto-viatge-a-Oliva-3-400x400.jpg 400w, https:\/\/www.iesdamiahuguet.net\/test\/wp-content\/uploads\/sites\/8\/2025\/06\/Foto-viatge-a-Oliva-3-600x600.jpg 600w, https:\/\/www.iesdamiahuguet.net\/test\/wp-content\/uploads\/sites\/8\/2025\/06\/Foto-viatge-a-Oliva-3-768x768.jpg 768w, https:\/\/www.iesdamiahuguet.net\/test\/wp-content\/uploads\/sites\/8\/2025\/06\/Foto-viatge-a-Oliva-3-800x800.jpg 800w, https:\/\/www.iesdamiahuguet.net\/test\/wp-content\/uploads\/sites\/8\/2025\/06\/Foto-viatge-a-Oliva-3.jpg 1024w\" sizes=\"(max-width: 1024px) 100vw, 1024px\" \/><\/p>\n<p><span style=\"font-weight: 400\">Tot i haver fet molta feina i no haver aturat en tota la setmana, v\u00e0rem tenir temps de divertir-nos, fer amics, veure pel\u00b7l\u00edcules, escoltar m\u00fasica, anar de discoteca i passar-ho d\u2019all\u00f2 m\u00e9s b\u00e9. I tot aix\u00f2 en angl\u00e8s!\u00a0<\/span><\/p>\n<p>&nbsp;<\/p>\n<p><span style=\"font-weight: 400\">Ara ja tornem a ser a casa, despr\u00e9s d\u2019un viatge de tornada llarg i intens, per\u00f2 que vam aprofitar per descansar d\u2019una experi\u00e8ncia \u00fanica i irrepetible! Thank you, Oliva!<\/span><\/p>\n<p>&nbsp;<\/p>\n<p style=\"text-align: right\"><span style=\"font-weight: 400\">M\u00f2nica Cuesta, Departament d\u2019Angl\u00e8s<\/span><\/p>\n","protected":false},"excerpt":{"rendered":"<p>Entre els dies 16 i 22 de mar\u00e7, 25 alumnes  [&#8230;]<\/p>\n","protected":false},"author":9,"featured_media":871,"comment_status":"open","ping_status":"open","sticky":false,"template":"","format":"standard","meta":{"_jetpack_memberships_contains_paid_content":false,"footnotes":""},"categories":[41],"tags":[23,86,113,75,49],"class_list":["post-870","post","type-post","status-publish","format-standard","has-post-thumbnail","hentry","category-activitats","tag-2n-deso","tag-angles","tag-oliva","tag-viatge","tag-viatge-destudis"],"jetpack_featured_media_url":"https:\/\/www.iesdamiahuguet.net\/test\/wp-content\/uploads\/sites\/8\/2025\/06\/PORTADA-Foto-viatge-a-Oliva.jpg","jetpack_sharing_enabled":true,"_links":{"self":[{"href":"https:\/\/www.iesdamiahuguet.net\/test\/wp-json\/wp\/v2\/posts\/870","targetHints":{"allow":["GET"]}}],"collection":[{"href":"https:\/\/www.iesdamiahuguet.net\/test\/wp-json\/wp\/v2\/posts"}],"about":[{"href":"https:\/\/www.iesdamiahuguet.net\/test\/wp-json\/wp\/v2\/types\/post"}],"author":[{"embeddable":true,"href":"https:\/\/www.iesdamiahuguet.net\/test\/wp-json\/wp\/v2\/users\/9"}],"replies":[{"embeddable":true,"href":"https:\/\/www.iesdamiahuguet.net\/test\/wp-json\/wp\/v2\/comments?post=870"}],"version-history":[{"count":1,"href":"https:\/\/www.iesdamiahuguet.net\/test\/wp-json\/wp\/v2\/posts\/870\/revisions"}],"predecessor-version":[{"id":874,"href":"https:\/\/www.iesdamiahuguet.net\/test\/wp-json\/wp\/v2\/posts\/870\/revisions\/874"}],"wp:featuredmedia":[{"embeddable":true,"href":"https:\/\/www.iesdamiahuguet.net\/test\/wp-json\/wp\/v2\/media\/871"}],"wp:attachment":[{"href":"https:\/\/www.iesdamiahuguet.net\/test\/wp-json\/wp\/v2\/media?parent=870"}],"wp:term":[{"taxonomy":"category","embeddable":true,"href":"https:\/\/www.iesdamiahuguet.net\/test\/wp-json\/wp\/v2\/categories?post=870"},{"taxonomy":"post_tag","embeddable":true,"href":"https:\/\/www.iesdamiahuguet.net\/test\/wp-json\/wp\/v2\/tags?post=870"}],"curies":[{"name":"wp","href":"https:\/\/api.w.org\/{rel}","templated":true}]}}