{"id":863,"date":"2025-06-25T10:51:11","date_gmt":"2025-06-25T08:51:11","guid":{"rendered":"https:\/\/www.iesdamiahuguet.net\/test\/?p=863"},"modified":"2025-06-25T10:51:11","modified_gmt":"2025-06-25T08:51:11","slug":"viatge-a-viena-de-segon-de-batxillerat","status":"publish","type":"post","link":"https:\/\/www.iesdamiahuguet.net\/test\/2025\/06\/25\/viatge-a-viena-de-segon-de-batxillerat\/","title":{"rendered":"Viatge a Viena de segon de batxillerat"},"content":{"rendered":"<p><span style=\"font-weight: 400\">Enguany hem tengut la sort d\u2019anar de viatge d&#8217;estudis a Viena. V\u00e0rem poder gaudir d\u2019una cultura, arquitectura, llengua i, sobretot, clima molt diferents. Cal destacar que hi an\u00e0rem el mes de gener i no tots est\u00e0vem mentalitzats per al fred amb qu\u00e8 ens v\u00e0rem trobar.<\/span><\/p>\n<div id=\"attachment_864\" style=\"width: 778px\" class=\"wp-caption aligncenter\"><img decoding=\"async\" aria-describedby=\"caption-attachment-864\" class=\"size-large wp-image-864\" src=\"https:\/\/www.iesdamiahuguet.net\/test\/wp-content\/uploads\/sites\/8\/2025\/06\/Tot-el-grup-768x1024.jpg\" alt=\"\" width=\"768\" height=\"1024\" srcset=\"https:\/\/www.iesdamiahuguet.net\/test\/wp-content\/uploads\/sites\/8\/2025\/06\/Tot-el-grup-200x267.jpg 200w, https:\/\/www.iesdamiahuguet.net\/test\/wp-content\/uploads\/sites\/8\/2025\/06\/Tot-el-grup-225x300.jpg 225w, https:\/\/www.iesdamiahuguet.net\/test\/wp-content\/uploads\/sites\/8\/2025\/06\/Tot-el-grup-400x533.jpg 400w, https:\/\/www.iesdamiahuguet.net\/test\/wp-content\/uploads\/sites\/8\/2025\/06\/Tot-el-grup-600x800.jpg 600w, https:\/\/www.iesdamiahuguet.net\/test\/wp-content\/uploads\/sites\/8\/2025\/06\/Tot-el-grup-768x1024.jpg 768w, https:\/\/www.iesdamiahuguet.net\/test\/wp-content\/uploads\/sites\/8\/2025\/06\/Tot-el-grup-800x1067.jpg 800w, https:\/\/www.iesdamiahuguet.net\/test\/wp-content\/uploads\/sites\/8\/2025\/06\/Tot-el-grup-1152x1536.jpg 1152w, https:\/\/www.iesdamiahuguet.net\/test\/wp-content\/uploads\/sites\/8\/2025\/06\/Tot-el-grup.jpg 1200w\" sizes=\"(max-width: 768px) 100vw, 768px\" \/><p id=\"caption-attachment-864\" class=\"wp-caption-text\">Tot el grup<\/p><\/div>\n<p><span style=\"font-weight: 400\">Ja des del primer dia aquest viatge va ser \u00fanic i ple de cultura. De fet, just en arribar pogu\u00e9rem gaudir d\u2019una visita guiada al parlament austr\u00edac i despr\u00e9s de sopar v\u00e0rem tenir la sort de trobar entrades per assistir a una \u00f2pera en la famosa \u00f2pera de la capital austr\u00edaca.<\/span><\/p>\n<p><span style=\"font-weight: 400\">El segon dia particip\u00e0rem en un Tour guiat pel centre, an\u00e0rem a l&#8217;interactiu museu d\u2019hist\u00f2ria natural, fam\u00f3s pels seus dinosaures i obres prehist\u00f2riques i despr\u00e9s arrib\u00e0rem al palau de Belvedere per veure les famoses col\u00b7leccions d\u2019art.<\/span><\/p>\n<div id=\"attachment_866\" style=\"width: 778px\" class=\"wp-caption aligncenter\"><img decoding=\"async\" aria-describedby=\"caption-attachment-866\" class=\"size-large wp-image-866\" src=\"https:\/\/www.iesdamiahuguet.net\/test\/wp-content\/uploads\/sites\/8\/2025\/06\/Una-part-768x1024.jpg\" alt=\"\" width=\"768\" height=\"1024\" srcset=\"https:\/\/www.iesdamiahuguet.net\/test\/wp-content\/uploads\/sites\/8\/2025\/06\/Una-part-200x267.jpg 200w, https:\/\/www.iesdamiahuguet.net\/test\/wp-content\/uploads\/sites\/8\/2025\/06\/Una-part-225x300.jpg 225w, https:\/\/www.iesdamiahuguet.net\/test\/wp-content\/uploads\/sites\/8\/2025\/06\/Una-part-400x533.jpg 400w, https:\/\/www.iesdamiahuguet.net\/test\/wp-content\/uploads\/sites\/8\/2025\/06\/Una-part-600x800.jpg 600w, https:\/\/www.iesdamiahuguet.net\/test\/wp-content\/uploads\/sites\/8\/2025\/06\/Una-part-768x1024.jpg 768w, https:\/\/www.iesdamiahuguet.net\/test\/wp-content\/uploads\/sites\/8\/2025\/06\/Una-part-800x1067.jpg 800w, https:\/\/www.iesdamiahuguet.net\/test\/wp-content\/uploads\/sites\/8\/2025\/06\/Una-part-1152x1536.jpg 1152w, https:\/\/www.iesdamiahuguet.net\/test\/wp-content\/uploads\/sites\/8\/2025\/06\/Una-part.jpg 1200w\" sizes=\"(max-width: 768px) 100vw, 768px\" \/><p id=\"caption-attachment-866\" class=\"wp-caption-text\">Una part del grup<\/p><\/div>\n<p><span style=\"font-weight: 400\">El tercer dia el vam comen\u00e7ar al palau de Sch\u00f6nbrunn on visit\u00e0rem tant els interiors, amb una audioguia, com els congelats jardins exteriors. Posteriorment, seguint les demandes d\u2019alguns companys, ens acost\u00e0rem a dinar al parc d\u2019atraccions Prater, on malauradament estaven quasi totes les atraccions tancades. Ara b\u00e9, per compensar aquesta decepci\u00f3 aquest darrer vespre aconsegu\u00edrem entrar a la inauguraci\u00f3 de la pista de gel m\u00e9s gran d\u2019Europa. En aquesta gran pista de diferents nivells ubicada davant l\u2019ajuntament, pogu\u00e9rem patinar sobre gel durant hores, v\u00e0rem gaudir de la decoraci\u00f3, la il\u00b7luminaci\u00f3 i, fins i tot, d\u2019un espectacle de patinadors professionals. Per acabar el darrer mat\u00ed tengu\u00e9rem temps lliure pel centre de la ciutat.<\/span><\/p>\n<p><span style=\"font-weight: 400\">Cal destacar que, tot i el fred, va ser un viatge impressionant, \u00fanic i molt intens que v\u00e0rem poder gaudir tots plegats.<\/span><\/p>\n<p>&nbsp;<\/p>\n<p style=\"text-align: right\"><span style=\"font-weight: 400\">Aina Capell\u00e0, tutora de 2n de batxillerat<\/span><\/p>\n<p>&nbsp;<\/p>\n","protected":false},"excerpt":{"rendered":"<p>Enguany hem tengut la sort d\u2019anar de viatge d&#8217;estudis a  [&#8230;]<\/p>\n","protected":false},"author":9,"featured_media":865,"comment_status":"open","ping_status":"open","sticky":false,"template":"","format":"standard","meta":{"_jetpack_memberships_contains_paid_content":false,"footnotes":""},"categories":[41],"tags":[111,28,49,112],"class_list":["post-863","post","type-post","status-publish","format-standard","has-post-thumbnail","hentry","category-activitats","tag-2n-batx","tag-2n-de-batxillerat","tag-viatge-destudis","tag-viena"],"jetpack_featured_media_url":"https:\/\/www.iesdamiahuguet.net\/test\/wp-content\/uploads\/sites\/8\/2025\/06\/a13781cf-aae5-49e2-9fa5-c54bd37f19ab.jpg","jetpack_sharing_enabled":true,"_links":{"self":[{"href":"https:\/\/www.iesdamiahuguet.net\/test\/wp-json\/wp\/v2\/posts\/863","targetHints":{"allow":["GET"]}}],"collection":[{"href":"https:\/\/www.iesdamiahuguet.net\/test\/wp-json\/wp\/v2\/posts"}],"about":[{"href":"https:\/\/www.iesdamiahuguet.net\/test\/wp-json\/wp\/v2\/types\/post"}],"author":[{"embeddable":true,"href":"https:\/\/www.iesdamiahuguet.net\/test\/wp-json\/wp\/v2\/users\/9"}],"replies":[{"embeddable":true,"href":"https:\/\/www.iesdamiahuguet.net\/test\/wp-json\/wp\/v2\/comments?post=863"}],"version-history":[{"count":3,"href":"https:\/\/www.iesdamiahuguet.net\/test\/wp-json\/wp\/v2\/posts\/863\/revisions"}],"predecessor-version":[{"id":869,"href":"https:\/\/www.iesdamiahuguet.net\/test\/wp-json\/wp\/v2\/posts\/863\/revisions\/869"}],"wp:featuredmedia":[{"embeddable":true,"href":"https:\/\/www.iesdamiahuguet.net\/test\/wp-json\/wp\/v2\/media\/865"}],"wp:attachment":[{"href":"https:\/\/www.iesdamiahuguet.net\/test\/wp-json\/wp\/v2\/media?parent=863"}],"wp:term":[{"taxonomy":"category","embeddable":true,"href":"https:\/\/www.iesdamiahuguet.net\/test\/wp-json\/wp\/v2\/categories?post=863"},{"taxonomy":"post_tag","embeddable":true,"href":"https:\/\/www.iesdamiahuguet.net\/test\/wp-json\/wp\/v2\/tags?post=863"}],"curies":[{"name":"wp","href":"https:\/\/api.w.org\/{rel}","templated":true}]}}