{"id":713,"date":"2025-06-23T10:16:18","date_gmt":"2025-06-23T08:16:18","guid":{"rendered":"https:\/\/www.iesdamiahuguet.net\/test\/?p=713"},"modified":"2025-06-23T10:18:04","modified_gmt":"2025-06-23T08:18:04","slug":"els-nostres-alumnes-tambe-estudien-musica","status":"publish","type":"post","link":"https:\/\/www.iesdamiahuguet.net\/test\/2025\/06\/23\/els-nostres-alumnes-tambe-estudien-musica\/","title":{"rendered":"Els nostres alumnes tamb\u00e9 estudien m\u00fasica"},"content":{"rendered":"<p>Al centre tenim un bon grapat d&#8217;alumnes que, a m\u00e9s de les tasques de l&#8217;institut, tamb\u00e9 estudien m\u00fasica. N&#8217;hem entrevistat alguns. Els hem fet les preguntes seg\u00fcents:<\/p>\n<p><span style=\"font-weight: 400\">1-Quin instrument toques i des de quan? Per qu\u00e8 vares triar aquest instrument i no un altre?<\/span><\/p>\n<p><span style=\"font-weight: 400\">2-Vas a classes? On i quantes hores setmanals? \u00c9s dif\u00edcil compaginar-les amb la feina de l\u2019institut?<\/span><\/p>\n<p><span style=\"font-weight: 400\">3-Toques o has tocat amb alguna agrupaci\u00f3 o banda?\u00a0<\/span><\/p>\n<p><span style=\"font-weight: 400\">4-Qu\u00e8 t\u2019aporta la m\u00fasica? Recomanaries aquesta activitat?<\/span><\/p>\n<p><b>SERGI BURGUERA (1r d\u2019ESO D)<\/b><\/p>\n<p><img decoding=\"async\" class=\"aligncenter size-medium wp-image-714\" src=\"https:\/\/www.iesdamiahuguet.net\/test\/wp-content\/uploads\/sites\/8\/2025\/06\/BURGUERA-DIAZ-SERGI-200x300.jpg\" alt=\"\" width=\"200\" height=\"300\" srcset=\"https:\/\/www.iesdamiahuguet.net\/test\/wp-content\/uploads\/sites\/8\/2025\/06\/BURGUERA-DIAZ-SERGI-200x300.jpg 200w, https:\/\/www.iesdamiahuguet.net\/test\/wp-content\/uploads\/sites\/8\/2025\/06\/BURGUERA-DIAZ-SERGI-400x600.jpg 400w, https:\/\/www.iesdamiahuguet.net\/test\/wp-content\/uploads\/sites\/8\/2025\/06\/BURGUERA-DIAZ-SERGI-600x900.jpg 600w, https:\/\/www.iesdamiahuguet.net\/test\/wp-content\/uploads\/sites\/8\/2025\/06\/BURGUERA-DIAZ-SERGI-683x1024.jpg 683w, https:\/\/www.iesdamiahuguet.net\/test\/wp-content\/uploads\/sites\/8\/2025\/06\/BURGUERA-DIAZ-SERGI-768x1152.jpg 768w, https:\/\/www.iesdamiahuguet.net\/test\/wp-content\/uploads\/sites\/8\/2025\/06\/BURGUERA-DIAZ-SERGI-800x1200.jpg 800w, https:\/\/www.iesdamiahuguet.net\/test\/wp-content\/uploads\/sites\/8\/2025\/06\/BURGUERA-DIAZ-SERGI-1024x1536.jpg 1024w, https:\/\/www.iesdamiahuguet.net\/test\/wp-content\/uploads\/sites\/8\/2025\/06\/BURGUERA-DIAZ-SERGI-1200x1800.jpg 1200w, https:\/\/www.iesdamiahuguet.net\/test\/wp-content\/uploads\/sites\/8\/2025\/06\/BURGUERA-DIAZ-SERGI-1365x2048.jpg 1365w, https:\/\/www.iesdamiahuguet.net\/test\/wp-content\/uploads\/sites\/8\/2025\/06\/BURGUERA-DIAZ-SERGI-scaled.jpg 1707w\" sizes=\"(max-width: 200px) 100vw, 200px\" \/><\/p>\n<p><span style=\"font-weight: 400\">1-Toc la bateria des dels quatre anys, perqu\u00e8 quan era petit me\u2019n varen regalar una i la volia aprendre a tocar.<\/span><\/p>\n<p><span style=\"font-weight: 400\">2-Vaig a classe d\u2019instrument i de llenguatge musical. Hi dedic sis hores i mitja a la setmana. De vegades \u00e9s dif\u00edcil compaginar-ho amb les feines de l\u2019institut, per\u00f2 si trob temps ho puc fer tot.<\/span><\/p>\n<p><span style=\"font-weight: 400\">3-Toc a dues bandes, a la banda jove i enguany tamb\u00e9 he entrat a la banda municipal de Santany\u00ed.<\/span><\/p>\n<p><span style=\"font-weight: 400\">4-La m\u00fasica t\u2019aporta moltes coses, a mi especialment m\u2019agrada molt, en un futur voldria poder fer m\u00fasica. De fet, pertot on vas hi ha m\u00fasica.<\/span><\/p>\n<p><b>ROSA MARIA MONSERRAT (1r d\u2019ESO D)<\/b><\/p>\n<p><img decoding=\"async\" class=\"aligncenter size-medium wp-image-717\" src=\"https:\/\/www.iesdamiahuguet.net\/test\/wp-content\/uploads\/sites\/8\/2025\/06\/MONSERRAT-BARRECK-ROSA-MARIA-200x300.jpg\" alt=\"\" width=\"200\" height=\"300\" srcset=\"https:\/\/www.iesdamiahuguet.net\/test\/wp-content\/uploads\/sites\/8\/2025\/06\/MONSERRAT-BARRECK-ROSA-MARIA-200x300.jpg 200w, https:\/\/www.iesdamiahuguet.net\/test\/wp-content\/uploads\/sites\/8\/2025\/06\/MONSERRAT-BARRECK-ROSA-MARIA-400x600.jpg 400w, https:\/\/www.iesdamiahuguet.net\/test\/wp-content\/uploads\/sites\/8\/2025\/06\/MONSERRAT-BARRECK-ROSA-MARIA-600x900.jpg 600w, https:\/\/www.iesdamiahuguet.net\/test\/wp-content\/uploads\/sites\/8\/2025\/06\/MONSERRAT-BARRECK-ROSA-MARIA-683x1024.jpg 683w, https:\/\/www.iesdamiahuguet.net\/test\/wp-content\/uploads\/sites\/8\/2025\/06\/MONSERRAT-BARRECK-ROSA-MARIA-768x1152.jpg 768w, https:\/\/www.iesdamiahuguet.net\/test\/wp-content\/uploads\/sites\/8\/2025\/06\/MONSERRAT-BARRECK-ROSA-MARIA-800x1200.jpg 800w, https:\/\/www.iesdamiahuguet.net\/test\/wp-content\/uploads\/sites\/8\/2025\/06\/MONSERRAT-BARRECK-ROSA-MARIA-1024x1536.jpg 1024w, https:\/\/www.iesdamiahuguet.net\/test\/wp-content\/uploads\/sites\/8\/2025\/06\/MONSERRAT-BARRECK-ROSA-MARIA-1200x1800.jpg 1200w, https:\/\/www.iesdamiahuguet.net\/test\/wp-content\/uploads\/sites\/8\/2025\/06\/MONSERRAT-BARRECK-ROSA-MARIA-1365x2048.jpg 1365w, https:\/\/www.iesdamiahuguet.net\/test\/wp-content\/uploads\/sites\/8\/2025\/06\/MONSERRAT-BARRECK-ROSA-MARIA-scaled.jpg 1707w\" sizes=\"(max-width: 200px) 100vw, 200px\" \/><\/p>\n<p><span style=\"font-weight: 400\">1-Toc el viol\u00ed des dels 6\/7 anys. Vaig triar aquest instrument perqu\u00e8 m\u2019agrada com sona, la seva forma i les can\u00e7ons que pots tocar.<\/span><\/p>\n<p><span style=\"font-weight: 400\">2-Vaig a classes d\u2019instrument, particulars, 45 minuts, una vegada per setmana, els dilluns. No \u00e9s dif\u00edcil compaginar la feina de l\u2019institut i la m\u00fasica, tot i que de vegades vaig justa de temps, ja que arrib en autob\u00fas a casa per dinar, i tot d\u2019una he de partir a a classe.<\/span><\/p>\n<p><span style=\"font-weight: 400\">3-No toc amb cap grup.<\/span><\/p>\n<p><span style=\"font-weight: 400\">4-M\u2019agrada molt, quan toques (b\u00e9) sents la m\u00fasica i et relaxa. Recoman aquesta activitat.<\/span><\/p>\n<p><b>JUAN VIDAL CHYTIL\u00a0 (3r d\u2019ESO F)<\/b><\/p>\n<p><img decoding=\"async\" class=\"aligncenter size-medium wp-image-715\" src=\"https:\/\/www.iesdamiahuguet.net\/test\/wp-content\/uploads\/sites\/8\/2025\/06\/VIDAL-CHYTIL-JUAN-200x300.jpg\" alt=\"\" width=\"200\" height=\"300\" srcset=\"https:\/\/www.iesdamiahuguet.net\/test\/wp-content\/uploads\/sites\/8\/2025\/06\/VIDAL-CHYTIL-JUAN-200x300.jpg 200w, https:\/\/www.iesdamiahuguet.net\/test\/wp-content\/uploads\/sites\/8\/2025\/06\/VIDAL-CHYTIL-JUAN-400x600.jpg 400w, https:\/\/www.iesdamiahuguet.net\/test\/wp-content\/uploads\/sites\/8\/2025\/06\/VIDAL-CHYTIL-JUAN-600x900.jpg 600w, https:\/\/www.iesdamiahuguet.net\/test\/wp-content\/uploads\/sites\/8\/2025\/06\/VIDAL-CHYTIL-JUAN-683x1024.jpg 683w, https:\/\/www.iesdamiahuguet.net\/test\/wp-content\/uploads\/sites\/8\/2025\/06\/VIDAL-CHYTIL-JUAN-768x1152.jpg 768w, https:\/\/www.iesdamiahuguet.net\/test\/wp-content\/uploads\/sites\/8\/2025\/06\/VIDAL-CHYTIL-JUAN-800x1200.jpg 800w, https:\/\/www.iesdamiahuguet.net\/test\/wp-content\/uploads\/sites\/8\/2025\/06\/VIDAL-CHYTIL-JUAN-1024x1536.jpg 1024w, https:\/\/www.iesdamiahuguet.net\/test\/wp-content\/uploads\/sites\/8\/2025\/06\/VIDAL-CHYTIL-JUAN-1200x1800.jpg 1200w, https:\/\/www.iesdamiahuguet.net\/test\/wp-content\/uploads\/sites\/8\/2025\/06\/VIDAL-CHYTIL-JUAN-1365x2048.jpg 1365w, https:\/\/www.iesdamiahuguet.net\/test\/wp-content\/uploads\/sites\/8\/2025\/06\/VIDAL-CHYTIL-JUAN-scaled.jpg 1707w\" sizes=\"(max-width: 200px) 100vw, 200px\" \/><\/p>\n<p><span style=\"font-weight: 400\">1-Toc la bateria des de fa gaireb\u00e9 tres anys, i la guitarra encara no fa ni un any, m\u00e9s envant potser altres, per\u00f2 aquests ja quedaran amb mi per sempre.<\/span><\/p>\n<p><span style=\"font-weight: 400\">Aquests els vaig triar perqu\u00e8 sempre m&#8217;han agradat, anar a un concert i veure com llueixen, el so caracter\u00edstic de cada un.<\/span><\/p>\n<p><span style=\"font-weight: 400\">2-Vaig a classes de guitarra, de bateria, i llenguatge musical. Com que faig seguiment reglat he de fer cant coral tamb\u00e9. En total s\u00f3n 7 hores setmanals.<\/span><\/p>\n<p><span style=\"font-weight: 400\">\u00c9s bastant dif\u00edcil compaginar les activitats amb l\u2019institut per\u00f2 es pot, al final \u00e9s una roda.<\/span><\/p>\n<p><span style=\"font-weight: 400\">3-S\u00ed, actualment estic a 3 bandes, sense comptar la de l\u2019institut:<\/span><\/p>\n<p><span style=\"font-weight: 400\">&#8211;<\/span><b>Banda municipal de Campos. <\/b><span style=\"font-weight: 400\">\u00c9s una cosa molt diferent tocar a la banda de m\u00fasica del teu poble, ja que surts a tocar pel poble, vas a altres pobles a tocar, \u00e9s molt divertit.<\/span><\/p>\n<p><span style=\"font-weight: 400\">&#8211;<\/span><b>Banda Jove de Campos. <\/b>\u00c9<span style=\"font-weight: 400\">s el mateix que la banda municipal de Campos per\u00f2 amb gent m\u00e9s jove i peces m\u00e9s simples.<\/span><\/p>\n<p><span style=\"font-weight: 400\">&#8211;<\/span><b>Grup propi. <\/b><span style=\"font-weight: 400\">Li veig molt de futur perqu\u00e8 nom\u00e9s al primer assaig pareixia que feia mesos que toc\u00e0vem junts, an\u00e0vem molt sincronitzats.<\/span><\/p>\n<p><span style=\"font-weight: 400\">4- La m\u00fasica ens aporta diferents emocions com felicitat, tristesa, esperan\u00e7a\u2026 Dep\u00e8n de la can\u00e7\u00f3.<\/span><\/p>\n<p><span style=\"font-weight: 400\">Hi ha molta gent a la qual costa molt fer m\u00fasica. En canvi, n\u2019hi ha d\u2019altra\u00a0 que neix amb aquest do, podr\u00edem dir que li \u00e9s molt m\u00e9s f\u00e0cil aprendre i tocar algun instrument.<\/span><\/p>\n<p><b>APOL\u00b7L\u00d2NIA RIGO (3r d\u2019ESO E)<\/b><\/p>\n<p><img decoding=\"async\" class=\"aligncenter size-medium wp-image-716\" src=\"https:\/\/www.iesdamiahuguet.net\/test\/wp-content\/uploads\/sites\/8\/2025\/06\/RIGO-ROIG-APOL\u00b7LONIA-200x300.jpg\" alt=\"\" width=\"200\" height=\"300\" srcset=\"https:\/\/www.iesdamiahuguet.net\/test\/wp-content\/uploads\/sites\/8\/2025\/06\/RIGO-ROIG-APOL\u00b7LONIA-200x300.jpg 200w, https:\/\/www.iesdamiahuguet.net\/test\/wp-content\/uploads\/sites\/8\/2025\/06\/RIGO-ROIG-APOL\u00b7LONIA-400x600.jpg 400w, https:\/\/www.iesdamiahuguet.net\/test\/wp-content\/uploads\/sites\/8\/2025\/06\/RIGO-ROIG-APOL\u00b7LONIA-600x900.jpg 600w, https:\/\/www.iesdamiahuguet.net\/test\/wp-content\/uploads\/sites\/8\/2025\/06\/RIGO-ROIG-APOL\u00b7LONIA-683x1024.jpg 683w, https:\/\/www.iesdamiahuguet.net\/test\/wp-content\/uploads\/sites\/8\/2025\/06\/RIGO-ROIG-APOL\u00b7LONIA-768x1152.jpg 768w, https:\/\/www.iesdamiahuguet.net\/test\/wp-content\/uploads\/sites\/8\/2025\/06\/RIGO-ROIG-APOL\u00b7LONIA-800x1200.jpg 800w, https:\/\/www.iesdamiahuguet.net\/test\/wp-content\/uploads\/sites\/8\/2025\/06\/RIGO-ROIG-APOL\u00b7LONIA-1024x1536.jpg 1024w, https:\/\/www.iesdamiahuguet.net\/test\/wp-content\/uploads\/sites\/8\/2025\/06\/RIGO-ROIG-APOL\u00b7LONIA-1200x1800.jpg 1200w, https:\/\/www.iesdamiahuguet.net\/test\/wp-content\/uploads\/sites\/8\/2025\/06\/RIGO-ROIG-APOL\u00b7LONIA-1365x2048.jpg 1365w, https:\/\/www.iesdamiahuguet.net\/test\/wp-content\/uploads\/sites\/8\/2025\/06\/RIGO-ROIG-APOL\u00b7LONIA-scaled.jpg 1707w\" sizes=\"(max-width: 200px) 100vw, 200px\" \/><\/p>\n<p><b><\/b><span style=\"font-weight: 400\">1- Vaig comen\u00e7ar a tocar l\u2019obo\u00e8 l&#8217;any 2018, ja fa set anys. Cada any a l\u2019escola de m\u00fasica feien una jornada de portes obertes per poder veure i tocar els instruments i decidir quin era el que m\u00e9s t\u2019agradava. Jo tenia clar que volia tocar la flauta travessera, per\u00f2 em varen dir que no era possible, ja que no n\u2019hi havia cap de disponible que l\u2019escola de m\u00fasica em pogu\u00e9s deixar, aix\u00ed que em demanaren quin era el segon instrument que m\u00e9s em feia ganes tocar, i vaig dir l\u2019obo\u00e8.<\/span><\/p>\n<p><b><\/b><span style=\"font-weight: 400\">2- Actualment, no vaig a classes de llenguatge musical, per\u00f2 s\u00ed a classes d\u2019instrument un cop a la setmana durant una hora i vaig a casa d\u2019una jove que \u00e9s professora de m\u00fasica a un institut i toca l\u2019obo\u00e8, ja que aquest any no estic matriculada a l\u2019escola de m\u00fasica.\u00a0<\/span><\/p>\n<p><span style=\"font-weight: 400\">Anys anteriors he fet classes de cant coral, llenguatge musical, classes d\u2019instrument m\u00e9s els dies de banda, per\u00f2 mai m\u2019ha suposat un gran problema a l\u2019hora de compaginar-ho amb els estudis. \u00c9s cert que tinc amigues que van al conservatori i a elles s\u00ed que els costa un poc m\u00e9s compaginar-ho, ja que fan m\u00e9s hores setmanals a m\u00e9s d\u2019altres activitats.<\/span><\/p>\n<p><span style=\"font-weight: 400\">3- A l\u2019escola de m\u00fasica de Porreres, des del dia que comences a tocar un instrument et diuen que si vols els dissabtes pots anar a la banda jove per aix\u00ed quan fas 3r de grau elemental tens l\u2019opci\u00f3 d\u2019anar a assajar amb la Filharm\u00f2nica Porrerenca els dimarts i dijous, encara que per entrar-hi has d\u2019anar als assajos durant un any. Per tant, jo toc amb la banda jove de l\u2019escola de m\u00fasica i amb la Filharm\u00f2nica Porrerenca. A m\u00e9s, tamb\u00e9 toc amb la banda de l\u2019institut a les diferents celebracions que l\u2019IES celebra.<\/span><\/p>\n<p>&nbsp;<\/p>\n<p><span style=\"font-weight: 400\">4. La m\u00fasica m\u2019aporta felicitat, coneixements, cultura i per a mi \u00e9s una cosa indispensable al meu dia a dia.<\/span><\/p>\n<p><span style=\"font-weight: 400\">Ho recoman molt, ja que crec que cada vegada hi ha menys gent que s&#8217;interessi pel m\u00f3n de la m\u00fasica, el qual \u00e9s un m\u00f3n molt ampli i amb molta diversitat.<\/span><\/p>\n","protected":false},"excerpt":{"rendered":"<p>Al centre tenim un bon grapat d&#8217;alumnes que, a m\u00e9s  [&#8230;]<\/p>\n","protected":false},"author":9,"featured_media":719,"comment_status":"open","ping_status":"open","sticky":false,"template":"","format":"standard","meta":{"_jetpack_memberships_contains_paid_content":false,"footnotes":""},"categories":[38],"tags":[99],"class_list":["post-713","post","type-post","status-publish","format-standard","has-post-thumbnail","hentry","category-entrevista","tag-musica"],"jetpack_featured_media_url":"https:\/\/www.iesdamiahuguet.net\/test\/wp-content\/uploads\/sites\/8\/2025\/06\/Foto-portada-musics.avif","jetpack_sharing_enabled":true,"_links":{"self":[{"href":"https:\/\/www.iesdamiahuguet.net\/test\/wp-json\/wp\/v2\/posts\/713","targetHints":{"allow":["GET"]}}],"collection":[{"href":"https:\/\/www.iesdamiahuguet.net\/test\/wp-json\/wp\/v2\/posts"}],"about":[{"href":"https:\/\/www.iesdamiahuguet.net\/test\/wp-json\/wp\/v2\/types\/post"}],"author":[{"embeddable":true,"href":"https:\/\/www.iesdamiahuguet.net\/test\/wp-json\/wp\/v2\/users\/9"}],"replies":[{"embeddable":true,"href":"https:\/\/www.iesdamiahuguet.net\/test\/wp-json\/wp\/v2\/comments?post=713"}],"version-history":[{"count":1,"href":"https:\/\/www.iesdamiahuguet.net\/test\/wp-json\/wp\/v2\/posts\/713\/revisions"}],"predecessor-version":[{"id":718,"href":"https:\/\/www.iesdamiahuguet.net\/test\/wp-json\/wp\/v2\/posts\/713\/revisions\/718"}],"wp:featuredmedia":[{"embeddable":true,"href":"https:\/\/www.iesdamiahuguet.net\/test\/wp-json\/wp\/v2\/media\/719"}],"wp:attachment":[{"href":"https:\/\/www.iesdamiahuguet.net\/test\/wp-json\/wp\/v2\/media?parent=713"}],"wp:term":[{"taxonomy":"category","embeddable":true,"href":"https:\/\/www.iesdamiahuguet.net\/test\/wp-json\/wp\/v2\/categories?post=713"},{"taxonomy":"post_tag","embeddable":true,"href":"https:\/\/www.iesdamiahuguet.net\/test\/wp-json\/wp\/v2\/tags?post=713"}],"curies":[{"name":"wp","href":"https:\/\/api.w.org\/{rel}","templated":true}]}}