{"id":701,"date":"2025-06-19T08:37:59","date_gmt":"2025-06-19T06:37:59","guid":{"rendered":"https:\/\/www.iesdamiahuguet.net\/test\/?p=701"},"modified":"2025-06-19T08:37:59","modified_gmt":"2025-06-19T06:37:59","slug":"jaume-llado-el-que-mes-magrada-es-el-contacte-amb-els-alumnes","status":"publish","type":"post","link":"https:\/\/www.iesdamiahuguet.net\/test\/2025\/06\/19\/jaume-llado-el-que-mes-magrada-es-el-contacte-amb-els-alumnes\/","title":{"rendered":"Jaume Llad\u00f3: &#8220;El que m\u00e9s m&#8217;agrada \u00e9s el contacte amb els alumnes&#8221;"},"content":{"rendered":"<p><i><span style=\"font-weight: 400\">Aquest mes de juny es jubila en Jaume Llad\u00f3 Jaume, professor del Departament de Matem\u00e0tiques del nostre institut des de l\u2019any 2007. Campaner de soca-rel, ha combinat les seves dues passions: l\u2019ensenyament i fora vila.<\/span><\/i><\/p>\n<p>&nbsp;<\/p>\n<p><span style=\"font-weight: 400\">1-Abans de venir a fer feina al nostre institut, en quins centres vares estar destinat i qu\u00e8 hi imparties?<\/span><\/p>\n<p><span style=\"font-weight: 400\">Vaig comen\u00e7ar a l\u2019Escola d\u2019Adults de Llucmajor, on impartia inform\u00e0tica. Despr\u00e9s vaig aprovar les oposicions de Secund\u00e0ria, especialitat de Matem\u00e0tiques i em varen destinar a l\u2019IES Felanitx, on hi vaig estar durant 17 anys, amb un par\u00e8ntesi de 2 anys que vaig tenir una comissi\u00f3 de serveis al CEP de Manacor.<\/span><\/p>\n<p>&nbsp;<\/p>\n<p><span style=\"font-weight: 400\">2-Has trobat difer\u00e8ncies entre els alumnes que tenies al principi de la teva vida laboral i els dels darrers anys?<\/span><\/p>\n<p><span style=\"font-weight: 400\">S\u00ed, la societat ha canviat molt. Per una part els avan\u00e7os tecnol\u00f2gics han fet que els alumnes tenguin uns coneixements previs molts distints als anteriors. Moltes coses que abans sabien\u00a0 ara no les saben, per\u00f2 en saben d\u2019altres que quan vaig comen\u00e7ar ni existien. Per l\u2019altra, la gran quantitat d\u2019immigraci\u00f3 que ha arribat a les nostres Illes ha fet que l\u2019alumnat sigui molt m\u00e9s divers i que no tengui uns referents culturals compartits, com tenia abans.<\/span><\/p>\n<div id=\"attachment_704\" style=\"width: 235px\" class=\"wp-caption aligncenter\"><img decoding=\"async\" aria-describedby=\"caption-attachment-704\" class=\"size-medium wp-image-704\" src=\"https:\/\/www.iesdamiahuguet.net\/test\/wp-content\/uploads\/sites\/8\/2025\/06\/Jaume-Llado-Jaume-225x300.jpg\" alt=\"\" width=\"225\" height=\"300\" srcset=\"https:\/\/www.iesdamiahuguet.net\/test\/wp-content\/uploads\/sites\/8\/2025\/06\/Jaume-Llado-Jaume-200x267.jpg 200w, https:\/\/www.iesdamiahuguet.net\/test\/wp-content\/uploads\/sites\/8\/2025\/06\/Jaume-Llado-Jaume-225x300.jpg 225w, https:\/\/www.iesdamiahuguet.net\/test\/wp-content\/uploads\/sites\/8\/2025\/06\/Jaume-Llado-Jaume-400x533.jpg 400w, https:\/\/www.iesdamiahuguet.net\/test\/wp-content\/uploads\/sites\/8\/2025\/06\/Jaume-Llado-Jaume-600x800.jpg 600w, https:\/\/www.iesdamiahuguet.net\/test\/wp-content\/uploads\/sites\/8\/2025\/06\/Jaume-Llado-Jaume-768x1024.jpg 768w, https:\/\/www.iesdamiahuguet.net\/test\/wp-content\/uploads\/sites\/8\/2025\/06\/Jaume-Llado-Jaume-800x1067.jpg 800w, https:\/\/www.iesdamiahuguet.net\/test\/wp-content\/uploads\/sites\/8\/2025\/06\/Jaume-Llado-Jaume-1152x1536.jpg 1152w, https:\/\/www.iesdamiahuguet.net\/test\/wp-content\/uploads\/sites\/8\/2025\/06\/Jaume-Llado-Jaume-1200x1600.jpg 1200w, https:\/\/www.iesdamiahuguet.net\/test\/wp-content\/uploads\/sites\/8\/2025\/06\/Jaume-Llado-Jaume-1536x2048.jpg 1536w, https:\/\/www.iesdamiahuguet.net\/test\/wp-content\/uploads\/sites\/8\/2025\/06\/Jaume-Llado-Jaume-scaled.jpg 1920w\" sizes=\"(max-width: 225px) 100vw, 225px\" \/><p id=\"caption-attachment-704\" class=\"wp-caption-text\">&#8220;He treballat a l&#8217;IES des del 2007&#8221;<\/p><\/div>\n<p><span style=\"font-weight: 400\">\u00a0<\/span><\/p>\n<p><span style=\"font-weight: 400\">3-Pel que fa a les lleis educatives, quantes n&#8217;has viscut? Qu\u00e8 opines de tots els canvis que es fan?<\/span><\/p>\n<p><span style=\"font-weight: 400\">He perdut el compte. Pens que si volem millorar l\u2019educaci\u00f3 caldria m\u00e9s estabilitat normativa. Quan tens un material que m\u00e9s o manco et funciona et canvien el curr\u00edculum i has de tornar-lo a dissenyar. Consider que fins al tercer curs que imparteixes el mateix curr\u00edculum no el tens prou polit per a quedar satisfet. I quan et canvien el marc normatiu has de tornar a comen\u00e7ar.<\/span><\/p>\n<p>&nbsp;<\/p>\n<p><span style=\"font-weight: 400\">4-Com era l&#8217;institut Dami\u00e0 Huguet quan hi vares arribar, i com \u00e9s el que tenim actualment? Qu\u00e8 hi falta\/sobra?<\/span><\/p>\n<p><span style=\"font-weight: 400\">Quan vaig arribar-hi era un centre m\u00e9s petit, amb un poc m\u00e9s de la meitat de professors i alumnes que ara. La majoria dels alumnes eren mallorquins i tenien uns referents culturals comuns. Ara som molta m\u00e9s gent i molt m\u00e9s diversa. Hi falta espai. A veure si amb la reforma que est\u00e0 en marxa se soluciona aquest problema.\u00a0<\/span><\/p>\n<p>&nbsp;<\/p>\n<p><span style=\"font-weight: 400\">5-A l&#8217;institut has tengut c\u00e0rrecs diferents? Quina valoraci\u00f3 en fas?<\/span><\/p>\n<p><span style=\"font-weight: 400\">He estat tutor i cap de departament diverses vegades. Tant una feina com l\u2019altra m\u2019ha agradat. Tamb\u00e9 he estat el coordinador de la revista, una tasca que tamb\u00e9 he passat gust de fer, per\u00f2 que molts de pics m&#8217;ha obligat a fer hores extres, sobretot a final de curs. He coordinat el programa Escacs a l\u2019Escola des que ens hi v\u00e0rem adherir. Ha estat una feina diferent i m\u00e9s relaxada que fer classe de matem\u00e0tiques. Finalment, tamb\u00e9 he estat el coordinador de les Proves Cangur i, malgrat la feina i els maldecaps que duu, ho trob molt agra\u00eft.<\/span><\/p>\n<div id=\"attachment_702\" style=\"width: 235px\" class=\"wp-caption aligncenter\"><img decoding=\"async\" aria-describedby=\"caption-attachment-702\" class=\"size-medium wp-image-702\" src=\"https:\/\/www.iesdamiahuguet.net\/test\/wp-content\/uploads\/sites\/8\/2025\/06\/PHOTO-2025-06-19-08-17-52-225x300.jpg\" alt=\"\" width=\"225\" height=\"300\" srcset=\"https:\/\/www.iesdamiahuguet.net\/test\/wp-content\/uploads\/sites\/8\/2025\/06\/PHOTO-2025-06-19-08-17-52-200x267.jpg 200w, https:\/\/www.iesdamiahuguet.net\/test\/wp-content\/uploads\/sites\/8\/2025\/06\/PHOTO-2025-06-19-08-17-52-225x300.jpg 225w, https:\/\/www.iesdamiahuguet.net\/test\/wp-content\/uploads\/sites\/8\/2025\/06\/PHOTO-2025-06-19-08-17-52-400x533.jpg 400w, https:\/\/www.iesdamiahuguet.net\/test\/wp-content\/uploads\/sites\/8\/2025\/06\/PHOTO-2025-06-19-08-17-52-600x800.jpg 600w, https:\/\/www.iesdamiahuguet.net\/test\/wp-content\/uploads\/sites\/8\/2025\/06\/PHOTO-2025-06-19-08-17-52-768x1024.jpg 768w, https:\/\/www.iesdamiahuguet.net\/test\/wp-content\/uploads\/sites\/8\/2025\/06\/PHOTO-2025-06-19-08-17-52-800x1067.jpg 800w, https:\/\/www.iesdamiahuguet.net\/test\/wp-content\/uploads\/sites\/8\/2025\/06\/PHOTO-2025-06-19-08-17-52-1152x1536.jpg 1152w, https:\/\/www.iesdamiahuguet.net\/test\/wp-content\/uploads\/sites\/8\/2025\/06\/PHOTO-2025-06-19-08-17-52.jpg 1200w\" sizes=\"(max-width: 225px) 100vw, 225px\" \/><p id=\"caption-attachment-702\" class=\"wp-caption-text\">En Jaume \u00e9s aficionat a l&#8217;apicultura<\/p><\/div>\n<p><span style=\"font-weight: 400\">6-De tot el que has viscut al centre durant tants anys de fer-hi feina, qu\u00e8 \u00e9s el que t&#8217;ha agradat m\u00e9s?<\/span><\/p>\n<p><span style=\"font-weight: 400\">El contacte amb els alumnes. Quan pas m\u00e9s gust \u00e9s quan som dins classe. M\u2019agrada veure que els alumnes aprenen i que ells se n\u2019adonin.<\/span><\/p>\n<p>&nbsp;<\/p>\n<p><span style=\"font-weight: 400\">7-Ha estat dif\u00edcil prendre la decisi\u00f3 de jubilar-te? Enyorar\u00e0s la feina? Qu\u00e8 far\u00e0s d\u2019ara endavant?<\/span><\/p>\n<p><span style=\"font-weight: 400\">No, no ha estat dif\u00edcil. Potser que enyori el contacte amb els alumnes o les reunions de Departament i de la CNL, per\u00f2 tenc moltes aficions i no crec que m\u2019avorresqui. Com molta gent sap som apicultor i pag\u00e8s i crec que ara que tendr\u00e9 m\u00e9s temps podr\u00e9 millorar-ne la producci\u00f3. Tamb\u00e9 faig molta de feina en l\u2019\u00e0mbit cultural, som el tresorer de l\u2019Obra Cultural Balear de Campos i la revista Ress\u00f2, el president de l\u2019Associaci\u00f3 El Mirall i membre de la junta directiva de la Instituci\u00f3 Francesc de Borja Moll. A partir d\u2019ara tamb\u00e9 faig comptes dedicar-hi m\u00e9s temps. Per altra part, som jugador d\u2019escacs i directiu del Club Foment d\u2019Escacs de Campos i m\u2019agradaria poder-me entrenar m\u00e9s i participar a m\u00e9s tornejos. Tamb\u00e9 m\u2019agrada molt llegir, anar al teatre, escoltar m\u00fasica, anar al cinema\u2026.<\/span><\/p>\n<p>&nbsp;<\/p>\n<p><i><span style=\"font-weight: 400\">Moltes gr\u00e0cies, Jaume, per aquesta entrevista. Et desitjam una bona jubilaci\u00f3!<\/span><\/i><\/p>\n<p>&nbsp;<\/p>\n<p style=\"text-align: right\"><span style=\"font-weight: 400\">CNL<\/span><\/p>\n<p>&nbsp;<\/p>\n","protected":false},"excerpt":{"rendered":"<p>Aquest mes de juny es jubila en Jaume Llad\u00f3 Jaume,  [&#8230;]<\/p>\n","protected":false},"author":9,"featured_media":703,"comment_status":"open","ping_status":"open","sticky":false,"template":"","format":"standard","meta":{"_jetpack_memberships_contains_paid_content":false,"footnotes":""},"categories":[38],"tags":[97,96],"class_list":["post-701","post","type-post","status-publish","format-standard","has-post-thumbnail","hentry","category-entrevista","tag-jaume-llado","tag-jubilacio"],"jetpack_featured_media_url":"https:\/\/www.iesdamiahuguet.net\/test\/wp-content\/uploads\/sites\/8\/2025\/06\/tempImageGBH9rH-scaled.jpg","jetpack_sharing_enabled":true,"_links":{"self":[{"href":"https:\/\/www.iesdamiahuguet.net\/test\/wp-json\/wp\/v2\/posts\/701","targetHints":{"allow":["GET"]}}],"collection":[{"href":"https:\/\/www.iesdamiahuguet.net\/test\/wp-json\/wp\/v2\/posts"}],"about":[{"href":"https:\/\/www.iesdamiahuguet.net\/test\/wp-json\/wp\/v2\/types\/post"}],"author":[{"embeddable":true,"href":"https:\/\/www.iesdamiahuguet.net\/test\/wp-json\/wp\/v2\/users\/9"}],"replies":[{"embeddable":true,"href":"https:\/\/www.iesdamiahuguet.net\/test\/wp-json\/wp\/v2\/comments?post=701"}],"version-history":[{"count":2,"href":"https:\/\/www.iesdamiahuguet.net\/test\/wp-json\/wp\/v2\/posts\/701\/revisions"}],"predecessor-version":[{"id":706,"href":"https:\/\/www.iesdamiahuguet.net\/test\/wp-json\/wp\/v2\/posts\/701\/revisions\/706"}],"wp:featuredmedia":[{"embeddable":true,"href":"https:\/\/www.iesdamiahuguet.net\/test\/wp-json\/wp\/v2\/media\/703"}],"wp:attachment":[{"href":"https:\/\/www.iesdamiahuguet.net\/test\/wp-json\/wp\/v2\/media?parent=701"}],"wp:term":[{"taxonomy":"category","embeddable":true,"href":"https:\/\/www.iesdamiahuguet.net\/test\/wp-json\/wp\/v2\/categories?post=701"},{"taxonomy":"post_tag","embeddable":true,"href":"https:\/\/www.iesdamiahuguet.net\/test\/wp-json\/wp\/v2\/tags?post=701"}],"curies":[{"name":"wp","href":"https:\/\/api.w.org\/{rel}","templated":true}]}}