{"id":651,"date":"2025-06-10T11:53:25","date_gmt":"2025-06-10T09:53:25","guid":{"rendered":"https:\/\/www.iesdamiahuguet.net\/test\/?p=651"},"modified":"2025-06-10T11:53:25","modified_gmt":"2025-06-10T09:53:25","slug":"programes-de-radio-fets-pels-alumnes","status":"publish","type":"post","link":"https:\/\/www.iesdamiahuguet.net\/test\/2025\/06\/10\/programes-de-radio-fets-pels-alumnes\/","title":{"rendered":"Programes de r\u00e0dio fets pels alumnes"},"content":{"rendered":"<p><b><i>AVUI HE DESCOBERT <\/i><\/b><span style=\"font-weight: 400\">\u00e9s un programa enregistrat per alumnes voluntaris de 1r i 2n de Batxillerat. Cada dia ens donaran a con\u00e8ixer un poeta o un grup musical de Mallorca: ens explicaran qui s\u00f3n, per qu\u00e8 \u00e9s representativa la seva traject\u00f2ria liter\u00e0ria o musical, ens recitaran alguns poemes o fragments de can\u00e7ons i fins i tot ens explicaran alguna an\u00e8cdota. No us ho perdeu!<\/span><\/p>\n<p>&nbsp;<\/p>\n<p><b>Dilluns, 2\/6\u00a0<\/b><\/p>\n<p><span style=\"font-weight: 400\">Xisco Llad\u00f3 i Margalida Terrasa han descobert el poeta \u00c0ngel Terron. Podeu escoltar el p\u00f2dcast a l&#8217;enlla\u00e7 seg\u00fcent: <\/span><a href=\"https:\/\/go.ivoox.com\/rf\/148749267\"><span style=\"font-weight: 400\">https:\/\/go.ivoox.com\/rf\/148749267<\/span><\/a><\/p>\n<p><b>Dimarts, 3\/6\u00a0<\/b><\/p>\n<p><span style=\"font-weight: 400\">Maria Magdalena Mitev ha descobert la cantant Maria Hein. Podeu escoltar el p\u00f2dcast a l&#8217;enlla\u00e7 seg\u00fcent: <\/span><a href=\"https:\/\/www.ivoox.com\/player_ej_148749391_6_1.html?c1=3c8424\"><span style=\"font-weight: 400\">https:\/\/www.ivoox.com\/player_ej_148749391_6_1.html?c1=3c8424<\/span><\/a><span style=\"font-weight: 400\">&#8221; width=&#8221;100%&#8221; height=&#8221;200&#8243; frameborder=&#8221;0&#8243; allowfullscreen=&#8221;&#8221; scrolling=&#8221;no&#8221; loading=&#8221;lazy&#8221;&gt;&lt;\/iframe&gt;<\/span><\/p>\n<p><b>Dimecres, 4\/6\u00a0<\/b><\/p>\n<p><img decoding=\"async\" class=\"aligncenter size-medium wp-image-653\" src=\"https:\/\/www.iesdamiahuguet.net\/test\/wp-content\/uploads\/sites\/8\/2025\/06\/Dimecres-4-300x225.jpg\" alt=\"\" width=\"300\" height=\"225\" srcset=\"https:\/\/www.iesdamiahuguet.net\/test\/wp-content\/uploads\/sites\/8\/2025\/06\/Dimecres-4-200x150.jpg 200w, https:\/\/www.iesdamiahuguet.net\/test\/wp-content\/uploads\/sites\/8\/2025\/06\/Dimecres-4-300x225.jpg 300w, https:\/\/www.iesdamiahuguet.net\/test\/wp-content\/uploads\/sites\/8\/2025\/06\/Dimecres-4-400x300.jpg 400w, https:\/\/www.iesdamiahuguet.net\/test\/wp-content\/uploads\/sites\/8\/2025\/06\/Dimecres-4-600x450.jpg 600w, https:\/\/www.iesdamiahuguet.net\/test\/wp-content\/uploads\/sites\/8\/2025\/06\/Dimecres-4-768x576.jpg 768w, https:\/\/www.iesdamiahuguet.net\/test\/wp-content\/uploads\/sites\/8\/2025\/06\/Dimecres-4-800x600.jpg 800w, https:\/\/www.iesdamiahuguet.net\/test\/wp-content\/uploads\/sites\/8\/2025\/06\/Dimecres-4-1024x768.jpg 1024w, https:\/\/www.iesdamiahuguet.net\/test\/wp-content\/uploads\/sites\/8\/2025\/06\/Dimecres-4-1200x900.jpg 1200w, https:\/\/www.iesdamiahuguet.net\/test\/wp-content\/uploads\/sites\/8\/2025\/06\/Dimecres-4-1536x1152.jpg 1536w\" sizes=\"(max-width: 300px) 100vw, 300px\" \/><\/p>\n<p><span style=\"font-weight: 400\">Miquel Galm\u00e9s ha descobert la poeta Maria Ant\u00f2nia Massanet. Podeu escoltar el p\u00f2dcast a l&#8217;enlla\u00e7 seg\u00fcent: <\/span><a href=\"https:\/\/go.ivoox.com\/rf\/148750897\"><span style=\"font-weight: 400\">https:\/\/go.ivoox.com\/rf\/148750897<\/span><\/a><\/p>\n<p><b>Dijous, 5\/6\u00a0<\/b><\/p>\n<p><img decoding=\"async\" class=\"aligncenter size-medium wp-image-656\" src=\"https:\/\/www.iesdamiahuguet.net\/test\/wp-content\/uploads\/sites\/8\/2025\/06\/Dijous-5-225x300.jpg\" alt=\"\" width=\"225\" height=\"300\" srcset=\"https:\/\/www.iesdamiahuguet.net\/test\/wp-content\/uploads\/sites\/8\/2025\/06\/Dijous-5-200x267.jpg 200w, https:\/\/www.iesdamiahuguet.net\/test\/wp-content\/uploads\/sites\/8\/2025\/06\/Dijous-5-225x300.jpg 225w, https:\/\/www.iesdamiahuguet.net\/test\/wp-content\/uploads\/sites\/8\/2025\/06\/Dijous-5-400x533.jpg 400w, https:\/\/www.iesdamiahuguet.net\/test\/wp-content\/uploads\/sites\/8\/2025\/06\/Dijous-5-600x800.jpg 600w, https:\/\/www.iesdamiahuguet.net\/test\/wp-content\/uploads\/sites\/8\/2025\/06\/Dijous-5-768x1024.jpg 768w, https:\/\/www.iesdamiahuguet.net\/test\/wp-content\/uploads\/sites\/8\/2025\/06\/Dijous-5-800x1067.jpg 800w, https:\/\/www.iesdamiahuguet.net\/test\/wp-content\/uploads\/sites\/8\/2025\/06\/Dijous-5-1152x1536.jpg 1152w, https:\/\/www.iesdamiahuguet.net\/test\/wp-content\/uploads\/sites\/8\/2025\/06\/Dijous-5-1200x1600.jpg 1200w, https:\/\/www.iesdamiahuguet.net\/test\/wp-content\/uploads\/sites\/8\/2025\/06\/Dijous-5-1536x2048.jpg 1536w, https:\/\/www.iesdamiahuguet.net\/test\/wp-content\/uploads\/sites\/8\/2025\/06\/Dijous-5-scaled.jpg 1920w\" sizes=\"(max-width: 225px) 100vw, 225px\" \/><\/p>\n<p><span style=\"font-weight: 400\">Neus Vidal Obrador ha descobert el grup musical O-erra. Podeu escoltar el p\u00f2dcast a l&#8217;enlla\u00e7 seg\u00fcent: <\/span><a href=\"https:\/\/go.ivoox.com\/rf\/148749856\"><span style=\"font-weight: 400\">https:\/\/go.ivoox.com\/rf\/148749856<\/span><\/a><\/p>\n<p><b>Divendres, 6\/6<\/b><\/p>\n<p><span style=\"font-weight: 400\">Jiayi Ye ha descobert la poeta Tonina Canyelles. Podeu escoltar el p\u00f2dcast a l&#8217;enlla\u00e7 seg\u00fcent: <\/span><a href=\"https:\/\/go.ivoox.com\/rf\/148750582\"><span style=\"font-weight: 400\">https:\/\/go.ivoox.com\/rf\/148750582<\/span><\/a><\/p>\n<p><b>Dilluns, 9\/6\u00a0<\/b><\/p>\n<p><span style=\"font-weight: 400\">Luc\u00eda Enjuto ha descobert el grup musical Ant\u00f2nia Font. Podeu escoltar el p\u00f2dcast a l&#8217;enlla\u00e7 seg\u00fcent: <\/span><a href=\"https:\/\/go.ivoox.com\/rf\/148750677\"><span style=\"font-weight: 400\">https:\/\/go.ivoox.com\/rf\/148750677<\/span><\/a><\/p>\n<p><b>Dimarts, 10\/6\u00a0<\/b><\/p>\n<p><span style=\"font-weight: 400\">Lucie Galagoda ha descobert la poeta Maria Ant\u00f2nia Massanet. Podeu escoltar el p\u00f2dcast a l&#8217;enlla\u00e7 seg\u00fcent: <\/span><a href=\"https:\/\/go.ivoox.com\/rf\/148750844\"><span style=\"font-weight: 400\">https:\/\/go.ivoox.com\/rf\/148750844<\/span><\/a><\/p>\n<p><b>Dimecres, 11\/6<\/b><\/p>\n<p><span style=\"font-weight: 400\">Xisco Llad\u00f3 i Margalida Terrasa han descobert el grup Sa\u00efm. Podeu escoltar el p\u00f2dcast a l&#8217;enlla\u00e7 seg\u00fcent: <\/span><a href=\"https:\/\/go.ivoox.com\/rf\/148748663\"><span style=\"font-weight: 400\">https:\/\/go.ivoox.com\/rf\/148748663<\/span><\/a><\/p>\n<p><b>Dijous, 12\/6\u00a0<\/b><\/p>\n<p><span style=\"font-weight: 400\">Tom\u00e0s Mas Moreno ha descobert el grup musical \u00c0nimos parrec. Podeu escoltar el p\u00f2dcast a l&#8217;enlla\u00e7 seg\u00fcent: <\/span><a href=\"https:\/\/go.ivoox.com\/rf\/148750994\"><span style=\"font-weight: 400\">https:\/\/go.ivoox.com\/rf\/148750994<\/span><\/a><\/p>\n<p><img decoding=\"async\" class=\"aligncenter size-medium wp-image-652\" src=\"https:\/\/www.iesdamiahuguet.net\/test\/wp-content\/uploads\/sites\/8\/2025\/06\/Divendres-30-225x300.jpg\" alt=\"\" width=\"225\" height=\"300\" srcset=\"https:\/\/www.iesdamiahuguet.net\/test\/wp-content\/uploads\/sites\/8\/2025\/06\/Divendres-30-200x267.jpg 200w, https:\/\/www.iesdamiahuguet.net\/test\/wp-content\/uploads\/sites\/8\/2025\/06\/Divendres-30-225x300.jpg 225w, https:\/\/www.iesdamiahuguet.net\/test\/wp-content\/uploads\/sites\/8\/2025\/06\/Divendres-30-400x533.jpg 400w, https:\/\/www.iesdamiahuguet.net\/test\/wp-content\/uploads\/sites\/8\/2025\/06\/Divendres-30-600x800.jpg 600w, https:\/\/www.iesdamiahuguet.net\/test\/wp-content\/uploads\/sites\/8\/2025\/06\/Divendres-30-768x1024.jpg 768w, https:\/\/www.iesdamiahuguet.net\/test\/wp-content\/uploads\/sites\/8\/2025\/06\/Divendres-30-800x1067.jpg 800w, https:\/\/www.iesdamiahuguet.net\/test\/wp-content\/uploads\/sites\/8\/2025\/06\/Divendres-30-1152x1536.jpg 1152w, https:\/\/www.iesdamiahuguet.net\/test\/wp-content\/uploads\/sites\/8\/2025\/06\/Divendres-30-1200x1600.jpg 1200w, https:\/\/www.iesdamiahuguet.net\/test\/wp-content\/uploads\/sites\/8\/2025\/06\/Divendres-30-1536x2048.jpg 1536w, https:\/\/www.iesdamiahuguet.net\/test\/wp-content\/uploads\/sites\/8\/2025\/06\/Divendres-30-scaled.jpg 1920w\" sizes=\"(max-width: 225px) 100vw, 225px\" \/><\/p>\n<p><b>PANXES ROGES, Cap\u00edtol 1: \u2018\u2019En Joanet de sa gerra\u2019\u2019<\/b><\/p>\n<p><span style=\"font-weight: 400\">Alumnes de Literatura Universal. 1r de Batxillerat<\/span><\/p>\n<p><a href=\"https:\/\/go.ivoox.com\/rf\/136371926\"><span style=\"font-weight: 400\">https:\/\/go.ivoox.com\/rf\/136371926<\/span><\/a><\/p>\n<p>&nbsp;<\/p>\n<p><b>TONI\u2019S&amp;CO. Alumnes: Toni Garcias Amengual i Toni Burguera Contest\u00ed<\/b><\/p>\n<p><b>Cap\u00edtol 1: JOAN ROIG<\/b><\/p>\n<p><a href=\"https:\/\/go.ivoox.com\/rf\/141347019\"><span style=\"font-weight: 400\">https:\/\/go.ivoox.com\/rf\/141347019<\/span><\/a><\/p>\n<p>&nbsp;<\/p>\n<p><b>Cap\u00edtol 2: SEBASTI\u00c0 ALZAMORA<\/b><\/p>\n<p><a href=\"https:\/\/go.ivoox.com\/rf\/146418646\"><span style=\"font-weight: 400\">https:\/\/go.ivoox.com\/rf\/146418646<\/span><\/a><\/p>\n<p><br style=\"font-weight: 400\" \/><br style=\"font-weight: 400\" \/><br style=\"font-weight: 400\" \/><br style=\"font-weight: 400\" \/><br style=\"font-weight: 400\" \/><\/p>\n","protected":false},"excerpt":{"rendered":"<p>AVUI HE DESCOBERT \u00e9s un programa enregistrat per alumnes voluntaris  [&#8230;]<\/p>\n","protected":false},"author":9,"featured_media":654,"comment_status":"open","ping_status":"open","sticky":false,"template":"","format":"standard","meta":{"_jetpack_memberships_contains_paid_content":false,"footnotes":""},"categories":[41],"tags":[95,94,93],"class_list":["post-651","post","type-post","status-publish","format-standard","has-post-thumbnail","hentry","category-activitats","tag-literatura-universal","tag-podcast","tag-radio"],"jetpack_featured_media_url":"https:\/\/www.iesdamiahuguet.net\/test\/wp-content\/uploads\/sites\/8\/2025\/06\/Dimarts-3-scaled.jpg","jetpack_sharing_enabled":true,"_links":{"self":[{"href":"https:\/\/www.iesdamiahuguet.net\/test\/wp-json\/wp\/v2\/posts\/651","targetHints":{"allow":["GET"]}}],"collection":[{"href":"https:\/\/www.iesdamiahuguet.net\/test\/wp-json\/wp\/v2\/posts"}],"about":[{"href":"https:\/\/www.iesdamiahuguet.net\/test\/wp-json\/wp\/v2\/types\/post"}],"author":[{"embeddable":true,"href":"https:\/\/www.iesdamiahuguet.net\/test\/wp-json\/wp\/v2\/users\/9"}],"replies":[{"embeddable":true,"href":"https:\/\/www.iesdamiahuguet.net\/test\/wp-json\/wp\/v2\/comments?post=651"}],"version-history":[{"count":2,"href":"https:\/\/www.iesdamiahuguet.net\/test\/wp-json\/wp\/v2\/posts\/651\/revisions"}],"predecessor-version":[{"id":658,"href":"https:\/\/www.iesdamiahuguet.net\/test\/wp-json\/wp\/v2\/posts\/651\/revisions\/658"}],"wp:featuredmedia":[{"embeddable":true,"href":"https:\/\/www.iesdamiahuguet.net\/test\/wp-json\/wp\/v2\/media\/654"}],"wp:attachment":[{"href":"https:\/\/www.iesdamiahuguet.net\/test\/wp-json\/wp\/v2\/media?parent=651"}],"wp:term":[{"taxonomy":"category","embeddable":true,"href":"https:\/\/www.iesdamiahuguet.net\/test\/wp-json\/wp\/v2\/categories?post=651"},{"taxonomy":"post_tag","embeddable":true,"href":"https:\/\/www.iesdamiahuguet.net\/test\/wp-json\/wp\/v2\/tags?post=651"}],"curies":[{"name":"wp","href":"https:\/\/api.w.org\/{rel}","templated":true}]}}