{"id":645,"date":"2025-06-03T11:43:05","date_gmt":"2025-06-03T09:43:05","guid":{"rendered":"https:\/\/www.iesdamiahuguet.net\/test\/?p=645"},"modified":"2025-06-03T11:43:05","modified_gmt":"2025-06-03T09:43:05","slug":"intelligencia-artificial-i-cristianisme-una-nova-cultura-en-discerniment","status":"publish","type":"post","link":"https:\/\/www.iesdamiahuguet.net\/test\/2025\/06\/03\/intelligencia-artificial-i-cristianisme-una-nova-cultura-en-discerniment\/","title":{"rendered":"Intel\u00b7lig\u00e8ncia artificial i cristianisme: una nova cultura en discerniment"},"content":{"rendered":"<p><span style=\"font-weight: 400\">Vivim immersos en una nova cultura, marcada per la digitalitzaci\u00f3 accelerada, la interconnexi\u00f3 constant i, m\u00e9s recentment, per l\u2019entrada de la intel\u00b7lig\u00e8ncia artificial (IA) en gaireb\u00e9 tots els \u00e0mbits de la vida. Aquesta cultura presenta un contrast inquietant: mentre que l\u2019\u00e9sser hum\u00e0 sempre ha cercat el coneixement i el progr\u00e9s, avui el risc \u00e9s perdre el sentit profund d\u2019humanitat enmig d\u2019una efervesc\u00e8ncia tecnol\u00f2gica que avan\u00e7a molt m\u00e9s r\u00e0pid que el discerniment \u00e8tic i espiritual.<\/span><\/p>\n<p>&nbsp;<\/p>\n<p><span style=\"font-weight: 400\">La mirada cristiana no pot quedar al marge d\u2019aquesta realitat. Ja el papa Francesc, en diversos discursos i documents com el Missatge per a la Jornada Mundial de la Pau 2024 titulat <\/span><i><span style=\"font-weight: 400\">Intel\u00b7lig\u00e8ncia Artificial i Pau<\/span><\/i><span style=\"font-weight: 400\">, convida a una reflexi\u00f3 seriosa i valenta sobre l\u2019impacte de la IA. El Vatic\u00e0, conscient dels desafiaments, ha impulsat iniciatives com el document <\/span><i><span style=\"font-weight: 400\">Rome Call for AI Ethics<\/span><\/i><span style=\"font-weight: 400\">, elaborat per l\u2019Acad\u00e8mia Pontif\u00edcia per la Vida, que proposa una \u00e8tica de la IA fonamentada en la dignitat humana, la inclusi\u00f3 i la transpar\u00e8ncia. No es tracta de rebutjar la tecnologia, sin\u00f3 de posar-la al servei del b\u00e9 com\u00fa.<\/span><\/p>\n<p>&nbsp;<\/p>\n<p><span style=\"font-weight: 400\">Aquest concepte de b\u00e9 com\u00fa, clau en la Doctrina Social de l\u2019Esgl\u00e9sia, troba els seus fonaments en la <\/span><i><span style=\"font-weight: 400\">Rerum Novarum<\/span><\/i><span style=\"font-weight: 400\"> de Lle\u00f3 XIII (1891), que defensava la just\u00edcia social i els drets dels treballadors en un m\u00f3n industrialitzat. Avui, amb l\u2019elecci\u00f3 recent del papa Lle\u00f3 XIV, aquest principi torna a adquirir una for\u00e7a renovada. El nou Papa sembla decidit a afrontar els reptes d\u2019una societat marcada per la informaci\u00f3 i sovint, per la desinformaci\u00f3 globalitzada, impulsant una visi\u00f3 del progr\u00e9s que no oblidi l\u2019\u00e9sser hum\u00e0 concret, les seves relacions i el seu dret a viure amb dignitat.<\/span><\/p>\n<p>&nbsp;<\/p>\n<p><span style=\"font-weight: 400\">Per\u00f2 el perill \u00e9s real: la IA pot fomentar la cultura de l\u2019individualisme, en qu\u00e8 el contacte amb els altres es redueix a interaccions digitals, i on cada persona es converteix en un m\u00f3n tancat en si mateix, controlat per algoritmes que prediuen, segmenten i limiten. Aquesta visi\u00f3 contrasta frontalment amb la proposta del cristianisme, que ent\u00e9n la persona com a \u00e9ssser en relaci\u00f3. La fe, encara que tingui una dimensi\u00f3 personal, nom\u00e9s es compr\u00e8n plenament viscuda en comunitat: l\u2019Esgl\u00e9sia \u00e9s el lloc on es comparteix, s\u2019acull, es perdona i es camina junts.<\/span><\/p>\n<p>&nbsp;<\/p>\n<p><span style=\"font-weight: 400\">Aquesta mateixa l\u00f2gica comunit\u00e0ria \u00e9s la que hauria de vertebrar la vida als nostres centres educatius. A l\u2019IES Dami\u00e0 Huguet, on conviu alumnat de proced\u00e8ncies molt diverses, el repte \u00e9s ajudar-los a descobrir que no estan sols, que no s\u00f3n an\u00f2nims, i que cadascun t\u00e9 una dignitat i un valor \u00fanic, perqu\u00e8 tots, segons la visi\u00f3 cristiana, som fills i filles de D\u00e9u. L\u2019educaci\u00f3 no pot ser mai un proc\u00e9s individualista i competitiu, sin\u00f3 una experi\u00e8ncia de conviv\u00e8ncia, respecte i col\u00b7laboraci\u00f3. I aqu\u00ed la comunitat escolar \u00e9s fonamental: docents, fam\u00edlies, alumnes i personal no docent formam un sol cos, amb un objectiu compartit: ajudar a cr\u00e9ixer els nostres alumnes com a persones \u00edntegres, lliures i responsables.<\/span><\/p>\n<p>&nbsp;<\/p>\n<p><span style=\"font-weight: 400\">El debat sobre el transhumanisme ho posa encara m\u00e9s de relleu. Autors com Mn. Ricard Mejia, alerten que moltes tend\u00e8ncies actuals, com la recerca d\u2019augmentar les capacitats humanes, d\u2019eliminar el patiment, de transferir la consci\u00e8ncia a sistemes digitals, no nom\u00e9s projecten un futur tecnol\u00f2gic, sin\u00f3 que redefineixen el concepte mateix d\u2019humanitat. Per tant ens podem q\u00fcestionar: Qu\u00e8 vol dir ser hum\u00e0 si el cos \u00e9s prescindible, si les relacions s\u00f3n substitu\u00efdes per simulacres, si la mort \u00e9s vista nom\u00e9s com un error t\u00e8cnic a corregir?\u00a0<\/span><\/p>\n<p><span style=\"font-weight: 400\">Miquel Flexas, Director de l\u2019Observatori Internacional d\u2019Intel\u00b7lig\u00e8ncia Artificial en Educaci\u00f3, tamb\u00e9 ha estat treballant sobre la tem\u00e0tica de la nostra reflexi\u00f3 i ha impartit diverses classes magistrals amb el t\u00edtol: <\/span><i><span style=\"font-weight: 400\">Intel\u00b7lig\u00e8ncia artificial: Rics o Crida? Discernint el futur des de la fe cristiana<\/span><\/i><span style=\"font-weight: 400\">.<\/span><\/p>\n<p>&nbsp;<\/p>\n<p><span style=\"font-weight: 400\">La tradici\u00f3 cristiana respon amb una proposta que no rebutja el progr\u00e9s, per\u00f2 que insisteix en la centralitat de la persona, cridada a viure en comuni\u00f3, a estimar i ser estimada, amb un cos, una hist\u00f2ria i un dest\u00ed transcendent. L\u2019\u00e9sser hum\u00e0 no \u00e9s nom\u00e9s un sistema d\u2019informaci\u00f3 complex, sin\u00f3 una criatura oberta a la gr\u00e0cia, capa\u00e7 de D\u00e9u. I, sobretot, una criatura que necessita l\u2019altre per cr\u00e9ixer.<\/span><\/p>\n<p>&nbsp;<\/p>\n<p><span style=\"font-weight: 400\">Potser el gran repte no \u00e9s tant t\u00e8cnic com espiritual i educatiu: aprendre a viure en aquest nou entorn sense perdre el nucli de la nostra vocaci\u00f3 humana i comunit\u00e0ria. L\u2019Esgl\u00e9sia hi t\u00e9 molt a dir, no amb por ni nost\u00e0lgia, sin\u00f3 amb saviesa i esperan\u00e7a. No tot el que \u00e9s possible \u00e9s bo. Per\u00f2 tot el que \u00e9s veritablement hum\u00e0, especialment all\u00f2 que ens uneix, que ens fa poble, escola, Esgl\u00e9sia \u00e9s cridat a ser salvat i elevat per l\u2019amor de Crist, tamb\u00e9 en temps d\u2019intel\u00b7lig\u00e8ncia artificial.<\/span><\/p>\n<p>&nbsp;<\/p>\n<p style=\"text-align: right\"><span style=\"font-weight: 400\">Mn. Sim\u00f3 Tortella Sbert, Diaca.<\/span><\/p>\n<p style=\"text-align: right\"><span style=\"font-weight: 400\">Professor de Religi\u00f3 Cat\u00f2lica de l\u2019IES Dami\u00e0 Huguet.<\/span><\/p>\n<p><br style=\"font-weight: 400\" \/><br style=\"font-weight: 400\" \/><\/p>\n","protected":false},"excerpt":{"rendered":"<p>Vivim immersos en una nova cultura, marcada per la digitalitzaci\u00f3  [&#8230;]<\/p>\n","protected":false},"author":9,"featured_media":646,"comment_status":"open","ping_status":"open","sticky":false,"template":"","format":"standard","meta":{"_jetpack_memberships_contains_paid_content":false,"footnotes":""},"categories":[31],"tags":[90,92,91,89],"class_list":["post-645","post","type-post","status-publish","format-standard","has-post-thumbnail","hentry","category-opinio","tag-cristianisme","tag-ia","tag-intelligencia-artificial","tag-religio"],"jetpack_featured_media_url":"https:\/\/www.iesdamiahuguet.net\/test\/wp-content\/uploads\/sites\/8\/2025\/06\/Foto-article-Simo-Tortella.jpg","jetpack_sharing_enabled":true,"_links":{"self":[{"href":"https:\/\/www.iesdamiahuguet.net\/test\/wp-json\/wp\/v2\/posts\/645","targetHints":{"allow":["GET"]}}],"collection":[{"href":"https:\/\/www.iesdamiahuguet.net\/test\/wp-json\/wp\/v2\/posts"}],"about":[{"href":"https:\/\/www.iesdamiahuguet.net\/test\/wp-json\/wp\/v2\/types\/post"}],"author":[{"embeddable":true,"href":"https:\/\/www.iesdamiahuguet.net\/test\/wp-json\/wp\/v2\/users\/9"}],"replies":[{"embeddable":true,"href":"https:\/\/www.iesdamiahuguet.net\/test\/wp-json\/wp\/v2\/comments?post=645"}],"version-history":[{"count":2,"href":"https:\/\/www.iesdamiahuguet.net\/test\/wp-json\/wp\/v2\/posts\/645\/revisions"}],"predecessor-version":[{"id":648,"href":"https:\/\/www.iesdamiahuguet.net\/test\/wp-json\/wp\/v2\/posts\/645\/revisions\/648"}],"wp:featuredmedia":[{"embeddable":true,"href":"https:\/\/www.iesdamiahuguet.net\/test\/wp-json\/wp\/v2\/media\/646"}],"wp:attachment":[{"href":"https:\/\/www.iesdamiahuguet.net\/test\/wp-json\/wp\/v2\/media?parent=645"}],"wp:term":[{"taxonomy":"category","embeddable":true,"href":"https:\/\/www.iesdamiahuguet.net\/test\/wp-json\/wp\/v2\/categories?post=645"},{"taxonomy":"post_tag","embeddable":true,"href":"https:\/\/www.iesdamiahuguet.net\/test\/wp-json\/wp\/v2\/tags?post=645"}],"curies":[{"name":"wp","href":"https:\/\/api.w.org\/{rel}","templated":true}]}}