{"id":634,"date":"2025-06-03T11:27:23","date_gmt":"2025-06-03T09:27:23","guid":{"rendered":"https:\/\/www.iesdamiahuguet.net\/test\/?p=634"},"modified":"2025-06-03T11:27:23","modified_gmt":"2025-06-03T09:27:23","slug":"dos-grups-de-quart-premiats-al-projecte-el-nostre-cel","status":"publish","type":"post","link":"https:\/\/www.iesdamiahuguet.net\/test\/2025\/06\/03\/dos-grups-de-quart-premiats-al-projecte-el-nostre-cel\/","title":{"rendered":"Dos grups de quart, premiats al projecte &#8220;El nostre cel&#8221;"},"content":{"rendered":"<p><span style=\"font-weight: 400\">Des de l\u2019octubre del 2024 fins a l\u2019abril de 2025, dos petits grups d\u2019alumnes s\u2019han<\/span><\/p>\n<p><span style=\"font-weight: 400\">engrescat amb un projecte conegut com \u2018El nostre cel\u2019. L\u2019objectiu del projecte ha estat<\/span><\/p>\n<p><span style=\"font-weight: 400\">apropar l\u2019astronomia als centres educatius, mitjan\u00e7ant una breu confer\u00e8ncia respecte a<\/span><\/p>\n<p><span style=\"font-weight: 400\">la detecci\u00f3 d\u2019exoplanetes, la realitzaci\u00f3 d\u2019un treball on es pret\u00e9n posar nom a diferents<\/span><\/p>\n<p><span style=\"font-weight: 400\">exoplanetes, encara no batejats, i l\u2019exposici\u00f3 d\u2019aquest treball a diferents centres de les<\/span><\/p>\n<p><span style=\"font-weight: 400\">Illes Balears. Ara b\u00e9, quins exoplanetes s\u2019han batejat? Quins noms han emprat? Com<\/span><\/p>\n<p><span style=\"font-weight: 400\">va ser presentar davant altres instituts?<\/span><\/p>\n<p><span style=\"font-weight: 400\">Per a poder donar resposta a aquestes preguntes, s\u2019ha consultat amb els participants<\/span><\/p>\n<p><span style=\"font-weight: 400\">del nostre IES en aquest projecte.<\/span><\/p>\n<p>&nbsp;<\/p>\n<p><b>Qui som?<\/b><\/p>\n<p><span style=\"font-weight: 400\">En aquest projecte hi hem participat dos grups, fent un treball diferent cada grup.<\/span><\/p>\n<p><span style=\"font-weight: 400\">Un dels grups s\u2019anomena Astrobalears i es troba format per na N\u00faria, na Xinyi i na<\/span><\/p>\n<p><span style=\"font-weight: 400\">Valeria de 4t A, i n\u2019Angelina de 4t C.<\/span><\/p>\n<p><span style=\"font-weight: 400\">L\u2019altre grup s\u2019anomena Trinxet i es troba format per en Cosme, en Joan Toni, en<\/span><\/p>\n<p><span style=\"font-weight: 400\">Miquel i en Tomeu, tots ells de 4t A.<\/span><\/p>\n<p>&nbsp;<\/p>\n<p><b>Quin sistema heu triat?<\/b><\/p>\n<p><i><span style=\"font-weight: 400\">-Astrobalears<\/span><\/i><span style=\"font-weight: 400\">: El sistema planetari triat ha estat Keppler-55, situat a la constel\u00b7laci\u00f3<\/span><\/p>\n<p><span style=\"font-weight: 400\">Lyra i a 1919.3302 anys llum del sistema solar. En aquest sistema s\u2019han detectat 5<\/span><\/p>\n<p><span style=\"font-weight: 400\">exoplanetes (Keppler- 55 d, f, b, c, e) i els hem anomenat de la seg\u00fcent manera,<\/span><\/p>\n<p><span style=\"font-weight: 400\">l\u2019exoplaneta Keppler-55 d l\u2019hem batejat com \u2018Bellver\u2019, Keppler-55 f com \u2018Talaiassa\u2019,<\/span><\/p>\n<p><span style=\"font-weight: 400\">Keppler-55 b com \u2018Alaior\u2019, Keppler- 55 c \u2018Barbaria\u2019 i Keppler-55 e com \u2018Enciola\u2019.<\/span><\/p>\n<p>&nbsp;<\/p>\n<p><i><span style=\"font-weight: 400\">-Trinxet<\/span><\/i><span style=\"font-weight: 400\">: El sistema planetari triat ha estat Keppler-90, situat a la constel\u00b7laci\u00f3 Draco i<\/span><\/p>\n<p><span style=\"font-weight: 400\">es troba a 2545 anys llum. El sistema consta de 8 exoplanetes (Keppler-90 b, c, d, e, f,<\/span><\/p>\n<p><span style=\"font-weight: 400\">g, h, i), els quals els hem anomenat amb la seg\u00fcent nomenclatura, Keppler-90 b li hem<\/span><\/p>\n<p><span style=\"font-weight: 400\">posat \u2018xerrac\u2019, a Keppler-90 c \u2018destral\u2019, a Keppler-90 d \u2018\u2019lla\u00fct\u2019, a Keppler-90 f \u2018\u00e0mfora\u2019, a<\/span><\/p>\n<p><span style=\"font-weight: 400\">Keppler-90 i \u2018bulitxet\u2019, a Keppler-90 h \u2019bala\u2019 i a Keppler-90 g \u2018saca\u2019.<\/span><\/p>\n<p>&nbsp;<\/p>\n<p><b>Per qu\u00e8 heu decidit triar aquest nom?<\/b><\/p>\n<p><i><span style=\"font-weight: 400\">-Astrobalears:<\/span><\/i><span style=\"font-weight: 400\"> Hem decidit anomenar els exoplanetes de Keppler-55 amb el nom de<\/span><\/p>\n<p><span style=\"font-weight: 400\">diferents llocs emblem\u00e0tics de les Illes Balears, relacionant cada lloc amb les<\/span><\/p>\n<p><span style=\"font-weight: 400\">caracter\u00edstiques b\u00e0siques de cada exoplaneta, com podria ser les seves dimensions,<\/span><\/p>\n<p><span style=\"font-weight: 400\">dist\u00e0ncia a l\u2019estrella del sistema o any de detecci\u00f3.<\/span><\/p>\n<p>&nbsp;<\/p>\n<p><i><span style=\"font-weight: 400\">-Trinxet:<\/span><\/i><span style=\"font-weight: 400\"> Hem emprat una nomenclatura relacionada amb les eines tradicionals<\/span><\/p>\n<p><span style=\"font-weight: 400\">mallorquines emprades al camp i a la mar, ja que considerem que s\u00f3n paraules en<\/span><\/p>\n<p><span style=\"font-weight: 400\">des\u00fas, les quals pretenem que siguin recordades. A m\u00e9s, hem intentat que cada eina<\/span><\/p>\n<p><span style=\"font-weight: 400\">tingui relaci\u00f3 amb les caracter\u00edstiques f\u00edsiques de l\u2019exoplaneta triat.<\/span><\/p>\n<p>&nbsp;<\/p>\n<p><b>Com us v\u00e0reu sentir abans de presentar el treball?<\/b><\/p>\n<p><span style=\"font-weight: 400\">Ens vam trobar nerviosos abans de presentar el treball, perqu\u00e8 era la primera<\/span><\/p>\n<p><span style=\"font-weight: 400\">vegada que expos\u00e0vem davant tanta gent.<\/span><\/p>\n<p><img decoding=\"async\" class=\"aligncenter size-medium wp-image-635\" src=\"https:\/\/www.iesdamiahuguet.net\/test\/wp-content\/uploads\/sites\/8\/2025\/06\/WhatsApp-Image-2025-04-07-at-12.04.06-300x169.jpeg\" alt=\"\" width=\"300\" height=\"169\" srcset=\"https:\/\/www.iesdamiahuguet.net\/test\/wp-content\/uploads\/sites\/8\/2025\/06\/WhatsApp-Image-2025-04-07-at-12.04.06-200x113.jpeg 200w, https:\/\/www.iesdamiahuguet.net\/test\/wp-content\/uploads\/sites\/8\/2025\/06\/WhatsApp-Image-2025-04-07-at-12.04.06-300x169.jpeg 300w, https:\/\/www.iesdamiahuguet.net\/test\/wp-content\/uploads\/sites\/8\/2025\/06\/WhatsApp-Image-2025-04-07-at-12.04.06-400x225.jpeg 400w, https:\/\/www.iesdamiahuguet.net\/test\/wp-content\/uploads\/sites\/8\/2025\/06\/WhatsApp-Image-2025-04-07-at-12.04.06-600x338.jpeg 600w, https:\/\/www.iesdamiahuguet.net\/test\/wp-content\/uploads\/sites\/8\/2025\/06\/WhatsApp-Image-2025-04-07-at-12.04.06-768x432.jpeg 768w, https:\/\/www.iesdamiahuguet.net\/test\/wp-content\/uploads\/sites\/8\/2025\/06\/WhatsApp-Image-2025-04-07-at-12.04.06-800x450.jpeg 800w, https:\/\/www.iesdamiahuguet.net\/test\/wp-content\/uploads\/sites\/8\/2025\/06\/WhatsApp-Image-2025-04-07-at-12.04.06-1024x576.jpeg 1024w, https:\/\/www.iesdamiahuguet.net\/test\/wp-content\/uploads\/sites\/8\/2025\/06\/WhatsApp-Image-2025-04-07-at-12.04.06-1200x675.jpeg 1200w, https:\/\/www.iesdamiahuguet.net\/test\/wp-content\/uploads\/sites\/8\/2025\/06\/WhatsApp-Image-2025-04-07-at-12.04.06-1536x864.jpeg 1536w\" sizes=\"(max-width: 300px) 100vw, 300px\" \/><\/p>\n<p><b>Quin premi heu obtingut?<\/b><\/p>\n<p><span style=\"font-weight: 400\">Els dos grups varen aconseguir qualque premi, Astrobalears comenta que varen<\/span><\/p>\n<p><span style=\"font-weight: 400\">aconseguir el primer premi a la menci\u00f3 cient\u00edfica i el primer premi a la menci\u00f3 popular.<\/span><\/p>\n<p><span style=\"font-weight: 400\">Pel que fa a Trinxet, varen aconseguir el segon premi a la menci\u00f3 popular.<\/span><\/p>\n<p>&nbsp;<\/p>\n<p><b>Participar en aquest concurs us ha despertat l\u2019inter\u00e8s en aquesta part de la<\/b><\/p>\n<p><b>ci\u00e8ncia?<\/b><\/p>\n<p><span style=\"font-weight: 400\">S\u00ed, ja ten\u00edem certs coneixements m\u00ednims respecte a l\u2019astronomia, per\u00f2 participar en el<\/span><\/p>\n<p><span style=\"font-weight: 400\">projecte ens ha ajudat a con\u00e8ixer la forma en qu\u00e8 s\u2019anomenen els exoplanetes abans<\/span><\/p>\n<p><span style=\"font-weight: 400\">de ser batejats i on podem trobar informaci\u00f3 respecte als diferents sistemes planetaris<\/span><\/p>\n<p><span style=\"font-weight: 400\">que encara no tenen nom.<\/span><\/p>\n<p>&nbsp;<\/p>\n<p><b>Per acabar, qu\u00e8 \u00e9s el que m\u00e9s us ha agradat? Qu\u00e8 \u00e9s el que manco?<\/b><\/p>\n<p><span style=\"font-weight: 400\">Els dos grups expressen que el que menys els ha agradat va ser presentar davant<\/span><\/p>\n<p><span style=\"font-weight: 400\">altres IES, ja que com han comentat, mai ho havien fet. Pel que fa al que m\u00e9s han<\/span><\/p>\n<p><span style=\"font-weight: 400\">gaudit, Astrobalears comenta que els va agradar molt pensar els diferents noms a<\/span><\/p>\n<p><span style=\"font-weight: 400\">emprar. Quant a Trinxet, varen passar una bona estona preparant el v\u00eddeo i visualitzant<\/span><\/p>\n<p><span style=\"font-weight: 400\">les \u2018preses falses\u2019.<\/span><\/p>\n<p>&nbsp;<\/p>\n<p style=\"text-align: right\"><span style=\"font-weight: 400\">Xavier Vilanova, Departament de F\u00edsica i Qu\u00edmica<\/span><\/p>\n<p><br style=\"font-weight: 400\" \/><br style=\"font-weight: 400\" \/><\/p>\n","protected":false},"excerpt":{"rendered":"<p>Des de l\u2019octubre del 2024 fins a l\u2019abril de 2025,  [&#8230;]<\/p>\n","protected":false},"author":9,"featured_media":636,"comment_status":"open","ping_status":"open","sticky":false,"template":"","format":"standard","meta":{"_jetpack_memberships_contains_paid_content":false,"footnotes":""},"categories":[19],"tags":[27,84,85],"class_list":["post-634","post","type-post","status-publish","format-standard","has-post-thumbnail","hentry","category-comissions","tag-4t-deso","tag-astronomia","tag-el-nostre-cel"],"jetpack_featured_media_url":"https:\/\/www.iesdamiahuguet.net\/test\/wp-content\/uploads\/sites\/8\/2025\/06\/WhatsApp-Image-2025-04-07-at-12.04.06-1.jpeg","jetpack_sharing_enabled":true,"_links":{"self":[{"href":"https:\/\/www.iesdamiahuguet.net\/test\/wp-json\/wp\/v2\/posts\/634","targetHints":{"allow":["GET"]}}],"collection":[{"href":"https:\/\/www.iesdamiahuguet.net\/test\/wp-json\/wp\/v2\/posts"}],"about":[{"href":"https:\/\/www.iesdamiahuguet.net\/test\/wp-json\/wp\/v2\/types\/post"}],"author":[{"embeddable":true,"href":"https:\/\/www.iesdamiahuguet.net\/test\/wp-json\/wp\/v2\/users\/9"}],"replies":[{"embeddable":true,"href":"https:\/\/www.iesdamiahuguet.net\/test\/wp-json\/wp\/v2\/comments?post=634"}],"version-history":[{"count":1,"href":"https:\/\/www.iesdamiahuguet.net\/test\/wp-json\/wp\/v2\/posts\/634\/revisions"}],"predecessor-version":[{"id":637,"href":"https:\/\/www.iesdamiahuguet.net\/test\/wp-json\/wp\/v2\/posts\/634\/revisions\/637"}],"wp:featuredmedia":[{"embeddable":true,"href":"https:\/\/www.iesdamiahuguet.net\/test\/wp-json\/wp\/v2\/media\/636"}],"wp:attachment":[{"href":"https:\/\/www.iesdamiahuguet.net\/test\/wp-json\/wp\/v2\/media?parent=634"}],"wp:term":[{"taxonomy":"category","embeddable":true,"href":"https:\/\/www.iesdamiahuguet.net\/test\/wp-json\/wp\/v2\/categories?post=634"},{"taxonomy":"post_tag","embeddable":true,"href":"https:\/\/www.iesdamiahuguet.net\/test\/wp-json\/wp\/v2\/tags?post=634"}],"curies":[{"name":"wp","href":"https:\/\/api.w.org\/{rel}","templated":true}]}}