{"id":618,"date":"2025-05-30T09:33:09","date_gmt":"2025-05-30T07:33:09","guid":{"rendered":"https:\/\/www.iesdamiahuguet.net\/test\/?p=618"},"modified":"2025-05-30T09:33:09","modified_gmt":"2025-05-30T07:33:09","slug":"entrevista-a-alumnes-esportistes","status":"publish","type":"post","link":"https:\/\/www.iesdamiahuguet.net\/test\/2025\/05\/30\/entrevista-a-alumnes-esportistes\/","title":{"rendered":"Entrevista a alumnes esportistes"},"content":{"rendered":"<p>Des de P\u00e0gines Uep! hem volgut entrevistar alguns esportistes destacats que s\u00f3n alumnes del centre. Va&#8217;t ac\u00ed les preguntes que els hem fet:<\/p>\n<p><span style=\"font-weight: 400\">1-Quin esport practiques i amb quin club? On i quantes hores entrenes a la setmana?<\/span><\/p>\n<p><span style=\"font-weight: 400\">2-Qu\u00e8 t\u2019aporta aquest esport? Si alg\u00fa no hi ha jugat mai, el recomanaries? Per qu\u00e8?<\/span><\/p>\n<p><span style=\"font-weight: 400\">3-\u00c9s dif\u00edcil compaginar estudis i esport?<\/span><\/p>\n<p><span style=\"font-weight: 400\">4-Quins s\u00f3n els premis que has aconseguit o campionats en qu\u00e8 has participat? Quins objectius tens per davant?<\/span><\/p>\n<p>&nbsp;<\/p>\n<p style=\"text-align: center\"><strong>MARIA ANT\u00d2NIA BURGUERA (1r ESO C)<\/strong><\/p>\n<p><img decoding=\"async\" class=\"aligncenter size-medium wp-image-620\" src=\"https:\/\/www.iesdamiahuguet.net\/test\/wp-content\/uploads\/sites\/8\/2025\/05\/Maria-Antonia-Burguera-200x300.jpg\" alt=\"\" width=\"200\" height=\"300\" srcset=\"https:\/\/www.iesdamiahuguet.net\/test\/wp-content\/uploads\/sites\/8\/2025\/05\/Maria-Antonia-Burguera-200x300.jpg 200w, https:\/\/www.iesdamiahuguet.net\/test\/wp-content\/uploads\/sites\/8\/2025\/05\/Maria-Antonia-Burguera-400x600.jpg 400w, https:\/\/www.iesdamiahuguet.net\/test\/wp-content\/uploads\/sites\/8\/2025\/05\/Maria-Antonia-Burguera-600x900.jpg 600w, https:\/\/www.iesdamiahuguet.net\/test\/wp-content\/uploads\/sites\/8\/2025\/05\/Maria-Antonia-Burguera.jpg 607w\" sizes=\"(max-width: 200px) 100vw, 200px\" \/><\/p>\n<p><span style=\"font-weight: 400\">1-Jo faig nataci\u00f3 al Club Nataci\u00f3 Palma, faig dues hores di\u00e0ries d\u2019entrenament i els dilluns, dimecres i divendres faig 1 hora m\u00e9s de prepraci\u00f3 f\u00edsica. Entren a les pisicnes de Son Hugo (Palma).<\/span><\/p>\n<p><span style=\"font-weight: 400\">2-\u00c9s un esport que implica molta disciplina i const\u00e0ncia, m\u2019aporta la capacitat d\u2019entendre el meu cos, ser constant i disciplinada no nom\u00e9s a l\u2019esport sin\u00f3 tamb\u00e9 a l\u2019estudi i situacions del dia a dia. Jo el recomanaria a totes les edats\u2026 ajuda a tenir un rendiment f\u00edsic, a recuperar lesions o dolors, aprens molt i duus una vida saludable.<\/span><\/p>\n<p><span style=\"font-weight: 400\">3-<\/span><span style=\"font-weight: 400\">Un gran esportista i estudiant necessita molta organitzaci\u00f3 i disciplina. \u00c9s molt important aprofitar el temps i no deixar res per l\u2019\u00faltim dia. Tenir objectius petits per obtenir petites motivacions que t\u2019ajudin a seguir endavant.\u00a0<\/span><\/p>\n<p><span style=\"font-weight: 400\">4-<\/span><span style=\"font-weight: 400\">En el meu cas, som una nadadora a nivell nacional, he participat a 3 capionats d\u2019Espanya per seleccions auton\u00f2miques com a representant de les Illes Balears. He aconseguit 6 medalles (2 ors, 2 plates, 2 bronzes) en 2 campionats d\u2019Espanya individuals d\u2019estiu\u00a0 a l\u2019any 2023 i 2024. He guanyat 12 medalles a nivell Balear als campionats d\u2019edat escolar de les Illes Balears. He estat reconeguda amb diferents premis a: XXII Gala de l\u2019esport 2024 (Consell de Mallorca), Federaci\u00f3 Balear de Nataci\u00f3 temporada 21-22, 22-23 i 23-24, a m\u00e9s de reconeixement a l\u2019exel\u00e8ncia acad\u00e8mica.<\/span><\/p>\n<p><span style=\"font-weight: 400\">\u00a0El meu pricipal objectiu \u00e9s aconseguir guanyar m\u00e9s medalles als pr\u00f2xims campionats d\u2019Espanya i Balears. A m\u00e9s de superarme a mi mateixa a cada entrenament i competici\u00f3.<\/span><\/p>\n<p>&nbsp;<\/p>\n<p style=\"text-align: center\"><strong>CARMELA BONOMI (4t ESO D)<\/strong><\/p>\n<p><img decoding=\"async\" class=\"aligncenter size-medium wp-image-621\" src=\"https:\/\/www.iesdamiahuguet.net\/test\/wp-content\/uploads\/sites\/8\/2025\/05\/Carmela-Bonomi-225x300.jpg\" alt=\"\" width=\"225\" height=\"300\" srcset=\"https:\/\/www.iesdamiahuguet.net\/test\/wp-content\/uploads\/sites\/8\/2025\/05\/Carmela-Bonomi-200x267.jpg 200w, https:\/\/www.iesdamiahuguet.net\/test\/wp-content\/uploads\/sites\/8\/2025\/05\/Carmela-Bonomi-225x300.jpg 225w, https:\/\/www.iesdamiahuguet.net\/test\/wp-content\/uploads\/sites\/8\/2025\/05\/Carmela-Bonomi-400x534.jpg 400w, https:\/\/www.iesdamiahuguet.net\/test\/wp-content\/uploads\/sites\/8\/2025\/05\/Carmela-Bonomi-600x800.jpg 600w, https:\/\/www.iesdamiahuguet.net\/test\/wp-content\/uploads\/sites\/8\/2025\/05\/Carmela-Bonomi-768x1024.jpg 768w, https:\/\/www.iesdamiahuguet.net\/test\/wp-content\/uploads\/sites\/8\/2025\/05\/Carmela-Bonomi-800x1067.jpg 800w, https:\/\/www.iesdamiahuguet.net\/test\/wp-content\/uploads\/sites\/8\/2025\/05\/Carmela-Bonomi-1152x1536.jpg 1152w, https:\/\/www.iesdamiahuguet.net\/test\/wp-content\/uploads\/sites\/8\/2025\/05\/Carmela-Bonomi-1200x1601.jpg 1200w, https:\/\/www.iesdamiahuguet.net\/test\/wp-content\/uploads\/sites\/8\/2025\/05\/Carmela-Bonomi-1535x2048.jpg 1535w, https:\/\/www.iesdamiahuguet.net\/test\/wp-content\/uploads\/sites\/8\/2025\/05\/Carmela-Bonomi-scaled.jpg 1919w\" sizes=\"(max-width: 225px) 100vw, 225px\" \/><\/p>\n<p><span style=\"font-weight: 400\">1-Practic futbol al Ud Collerense. Aquest club \u00e9s de Palma, precisament al Coll d\u2019en Rabassa. Hi vaig tres vegades a la setmana, m\u00e9s el partit dels caps de setmana, \u00e9s a dir, quatre vegades en total.<\/span><\/p>\n<p><span style=\"font-weight: 400\">2-Aquest esport aporta moltes coses positives tant mentals com f\u00edsiques, com per exemple: el treball en equip i la cooperaci\u00f3, t\u2019ensenya a tenir m\u00e9s valors com el respecte i la toler\u00e0ncia, millora la condici\u00f3 f\u00edsica, la salut mental i desenvolupa la coordinaci\u00f3, redueix l\u2019estr\u00e8s, etc. El recomanaria sempre ja que\u00a0 si t\u2019agrada, desconnectes totalment del m\u00f3n exterior.\u00a0<\/span><\/p>\n<p><span style=\"font-weight: 400\">3-Jo pens que s\u00ed, s\u2019ha de ser una persona molt organitzada i aplicada per compaginar les dues coses i que vagin b\u00e9.<\/span><\/p>\n<p><span style=\"font-weight: 400\">4-He participat a diferents Campionats d\u2019Espanya amb la Selecci\u00f3 Balear Sub-15 i Sub-17 (M\u00farcia, C\u00e0ceres i Mallorca). No he guanyat cap premi important, per\u00f2 si tenc diferents medalles per participar en tornejos com el de Setmana Santa, Mallorca Internationals Football Cup Women\u2019s Tournament. El meu objectiu aquesta temporada \u00e9s quedar el m\u00e9s amunt possible amb el meu equip i sortir primera en el r\u00e0nquing de golejadores, per\u00f2 el meu somni sempre ha estat poder arribar a jugar professionalment. Igualment, el m\u00e9s important \u00e9s gaudir d\u2019aquest meravell\u00f3s esport.<\/span><\/p>\n<p>&nbsp;<\/p>\n<p style=\"text-align: center\"><b>MARGALIDA BOVER (1r ESO C)<\/b><\/p>\n<p><img decoding=\"async\" class=\"aligncenter size-medium wp-image-622\" src=\"https:\/\/www.iesdamiahuguet.net\/test\/wp-content\/uploads\/sites\/8\/2025\/05\/Margalida-Bover-300x199.png\" alt=\"\" width=\"300\" height=\"199\" srcset=\"https:\/\/www.iesdamiahuguet.net\/test\/wp-content\/uploads\/sites\/8\/2025\/05\/Margalida-Bover-200x133.png 200w, https:\/\/www.iesdamiahuguet.net\/test\/wp-content\/uploads\/sites\/8\/2025\/05\/Margalida-Bover-300x199.png 300w, https:\/\/www.iesdamiahuguet.net\/test\/wp-content\/uploads\/sites\/8\/2025\/05\/Margalida-Bover-400x266.png 400w, https:\/\/www.iesdamiahuguet.net\/test\/wp-content\/uploads\/sites\/8\/2025\/05\/Margalida-Bover-600x399.png 600w, https:\/\/www.iesdamiahuguet.net\/test\/wp-content\/uploads\/sites\/8\/2025\/05\/Margalida-Bover-768x511.png 768w, https:\/\/www.iesdamiahuguet.net\/test\/wp-content\/uploads\/sites\/8\/2025\/05\/Margalida-Bover-800x532.png 800w, https:\/\/www.iesdamiahuguet.net\/test\/wp-content\/uploads\/sites\/8\/2025\/05\/Margalida-Bover.png 952w\" sizes=\"(max-width: 300px) 100vw, 300px\" \/><\/p>\n<p><span style=\"font-weight: 400\">1-Jo practic judo a\u00a0 Judo Club Felanitx, a Felanitx, i entr\u00e9n de 3 a 4 hores a la setmana.<\/span><\/p>\n<p><span style=\"font-weight: 400\">2-El judo al llarg dels anys m&#8217;ha aportat molt\u00edssimes coses, unes de les m\u00e9s presents s\u00f3n valors, com el respecte, tamb\u00e9 m&#8217;ha fet entendre el que significa estimar un esport a mort, m&#8217;he adonat que sense el judo no seria la mateixa persona, no tendria les capacitats esportives que tenc. Jo el recoman, a mi m&#8217;ha servit molt, \u00e9s un esport que no nom\u00e9s t&#8217;inculca respecte cap a l&#8217;esport i els companys sin\u00f3 que tamb\u00e9 practiques la for\u00e7a, l\u2019agilitat, l\u2019estrat\u00e8gia, la defensa personal&#8230;<\/span><\/p>\n<p><span style=\"font-weight: 400\">3-Hi ha pics que s\u00ed que costa compaginar els estudis i el judo per\u00f2 quasi sempre \u00e9s f\u00e0cil.<\/span><\/p>\n<p><span style=\"font-weight: 400\">4-Jo he participat a quatre controls escolars, un campionat de Mallorca (medalla d&#8217;or), un campionat de Balears (medalla d&#8217;or), un Campionat d\u2019Espanya (7a) i un campionat de Katas (5a.)<\/span><\/p>\n<p>&nbsp;<\/p>\n<p style=\"text-align: center\"><b>ADRI\u00c0 MELI\u00c0 (3r ESO D)<\/b><\/p>\n<p><img decoding=\"async\" class=\"aligncenter size-medium wp-image-623\" src=\"https:\/\/www.iesdamiahuguet.net\/test\/wp-content\/uploads\/sites\/8\/2025\/05\/Adria-Melia-240x300.jpg\" alt=\"\" width=\"240\" height=\"300\" srcset=\"https:\/\/www.iesdamiahuguet.net\/test\/wp-content\/uploads\/sites\/8\/2025\/05\/Adria-Melia-200x250.jpg 200w, https:\/\/www.iesdamiahuguet.net\/test\/wp-content\/uploads\/sites\/8\/2025\/05\/Adria-Melia-240x300.jpg 240w, https:\/\/www.iesdamiahuguet.net\/test\/wp-content\/uploads\/sites\/8\/2025\/05\/Adria-Melia-400x500.jpg 400w, https:\/\/www.iesdamiahuguet.net\/test\/wp-content\/uploads\/sites\/8\/2025\/05\/Adria-Melia-600x750.jpg 600w, https:\/\/www.iesdamiahuguet.net\/test\/wp-content\/uploads\/sites\/8\/2025\/05\/Adria-Melia-768x960.jpg 768w, https:\/\/www.iesdamiahuguet.net\/test\/wp-content\/uploads\/sites\/8\/2025\/05\/Adria-Melia-800x1000.jpg 800w, https:\/\/www.iesdamiahuguet.net\/test\/wp-content\/uploads\/sites\/8\/2025\/05\/Adria-Melia-819x1024.jpg 819w, https:\/\/www.iesdamiahuguet.net\/test\/wp-content\/uploads\/sites\/8\/2025\/05\/Adria-Melia-1200x1500.jpg 1200w, https:\/\/www.iesdamiahuguet.net\/test\/wp-content\/uploads\/sites\/8\/2025\/05\/Adria-Melia-1229x1536.jpg 1229w, https:\/\/www.iesdamiahuguet.net\/test\/wp-content\/uploads\/sites\/8\/2025\/05\/Adria-Melia.jpg 1280w\" sizes=\"(max-width: 240px) 100vw, 240px\" \/><\/p>\n<p><span style=\"font-weight: 400\">1- <\/span><span style=\"font-weight: 400\">Jo practic b\u00e0squet i jug al Club B\u00e0squet Campos. Entrenam quatre dies a la setmana entre<\/span><\/p>\n<p><span style=\"font-weight: 400\">Campos i Porreres, i en total entrenam unes vuit hores setmanals aproximadament.<\/span><\/p>\n<p>2-El b\u00e0squet m\u2019aporta molt, tant en l&#8217;\u00e0mbit f\u00edsic com personal. Em mant\u00e9 en forma i m\u2019ajuda a<\/p>\n<p><span style=\"font-weight: 400\">desconnectar. Tamb\u00e9 m\u2019ha fet fer moltes amistats. El recomanaria a tothom, especialment<\/span><\/p>\n<p><span style=\"font-weight: 400\">perqu\u00e8 \u00e9s un esport molt complet, \u00e9s amist\u00f3s i, alhora, t\u00e9 un punt competitiu que el fa<\/span><\/p>\n<p><span style=\"font-weight: 400\">emocionant.<\/span><\/p>\n<p>3-Compaginar els estudis amb l\u2019esport de vegades pot ser complicat. Tot i aix\u00ed, amb una bona organitzaci\u00f3 es pot fer perfectament. L\u2019esport tamb\u00e9 m\u2019ajuda a mantenir una rutina i a ser m\u00e9s responsable.<\/p>\n<p>4-Amb el meu equip hem quedat segons al campionat de Mallorca i al de les Illes Balears.<\/p>\n<p><span style=\"font-weight: 400\">Cada any particip en un torneig a Menorca, i una vegada vaig tenir l\u2019oportunitat d\u2019anar a<\/span><\/p>\n<p><span style=\"font-weight: 400\">jugar un torneig a Barcelona. El meu objectiu \u00e9s continuar millorant, gaudir del b\u00e0squet i<\/span><\/p>\n<p><span style=\"font-weight: 400\">continuar competint al m\u00e0xim nivell possible.<\/span><\/p>\n<p>&nbsp;<\/p>\n","protected":false},"excerpt":{"rendered":"<p>Des de P\u00e0gines Uep! hem volgut entrevistar alguns esportistes destacats  [&#8230;]<\/p>\n","protected":false},"author":9,"featured_media":624,"comment_status":"open","ping_status":"open","sticky":false,"template":"","format":"standard","meta":{"_jetpack_memberships_contains_paid_content":false,"footnotes":""},"categories":[39],"tags":[40,83,27,80,79,82,81],"class_list":["post-618","post","type-post","status-publish","format-standard","has-post-thumbnail","hentry","category-esports","tag-1r-deso","tag-3r-deso","tag-4t-deso","tag-basquet","tag-futbol","tag-judo","tag-natacio"],"jetpack_featured_media_url":"https:\/\/www.iesdamiahuguet.net\/test\/wp-content\/uploads\/sites\/8\/2025\/05\/FOTO-PORTADA-ESPORTISTES.avif","jetpack_sharing_enabled":true,"_links":{"self":[{"href":"https:\/\/www.iesdamiahuguet.net\/test\/wp-json\/wp\/v2\/posts\/618","targetHints":{"allow":["GET"]}}],"collection":[{"href":"https:\/\/www.iesdamiahuguet.net\/test\/wp-json\/wp\/v2\/posts"}],"about":[{"href":"https:\/\/www.iesdamiahuguet.net\/test\/wp-json\/wp\/v2\/types\/post"}],"author":[{"embeddable":true,"href":"https:\/\/www.iesdamiahuguet.net\/test\/wp-json\/wp\/v2\/users\/9"}],"replies":[{"embeddable":true,"href":"https:\/\/www.iesdamiahuguet.net\/test\/wp-json\/wp\/v2\/comments?post=618"}],"version-history":[{"count":2,"href":"https:\/\/www.iesdamiahuguet.net\/test\/wp-json\/wp\/v2\/posts\/618\/revisions"}],"predecessor-version":[{"id":626,"href":"https:\/\/www.iesdamiahuguet.net\/test\/wp-json\/wp\/v2\/posts\/618\/revisions\/626"}],"wp:featuredmedia":[{"embeddable":true,"href":"https:\/\/www.iesdamiahuguet.net\/test\/wp-json\/wp\/v2\/media\/624"}],"wp:attachment":[{"href":"https:\/\/www.iesdamiahuguet.net\/test\/wp-json\/wp\/v2\/media?parent=618"}],"wp:term":[{"taxonomy":"category","embeddable":true,"href":"https:\/\/www.iesdamiahuguet.net\/test\/wp-json\/wp\/v2\/categories?post=618"},{"taxonomy":"post_tag","embeddable":true,"href":"https:\/\/www.iesdamiahuguet.net\/test\/wp-json\/wp\/v2\/tags?post=618"}],"curies":[{"name":"wp","href":"https:\/\/api.w.org\/{rel}","templated":true}]}}