{"id":595,"date":"2025-05-29T12:56:43","date_gmt":"2025-05-29T10:56:43","guid":{"rendered":"https:\/\/www.iesdamiahuguet.net\/test\/?p=595"},"modified":"2025-05-29T12:56:43","modified_gmt":"2025-05-29T10:56:43","slug":"viatge-dimmersio-linguistica-a-freiburg","status":"publish","type":"post","link":"https:\/\/www.iesdamiahuguet.net\/test\/2025\/05\/29\/viatge-dimmersio-linguistica-a-freiburg\/","title":{"rendered":"Viatge d\u2019immersi\u00f3 ling\u00fc\u00edstica a Freiburg"},"content":{"rendered":"<p><span style=\"font-weight: 400\">El mar\u00e7 un grup d\u2019alumnes de 3r d\u2019ESO van fer un viatge d\u2019immersi\u00f3 ling\u00fc\u00edstica a Freiburg, al sud d\u2019Alemanya. Vam aprofitar per con\u00e8ixer els voltants d\u2019aquesta zona preciosa de la Selva Negra i tamb\u00e9 vam visitar un institut de la ciutat, el Kepler-Gymnasium Freiburg. Ja hav\u00edem fet algunes activitats d\u2019intercanvi en l\u00ednia, en qu\u00e8 els nostre alumnat que estudia alemany va escriure a l\u2019alumnat d\u2019all\u00e0, que estudia espanyol com a llengua estrangera. Una vegada a Freiburg, vam aprofitar per fer activitats amb els companys que nom\u00e9s havien conegut de manera digital i van poder fer una presa de contacte directe amb els estudiants i la seva cultura.<\/span><\/p>\n<p><span style=\"font-weight: 400\">Tant l\u2019alumnat com les professores vam gaudir molt\u00edssim d\u2019aquesta experi\u00e8ncia i tornar\u00edem a repetir! Ha estat una estada molt enriquidora pe al nostre alumnat, tant a nivell acad\u00e8mic com personal. Us deixem alguns dels seus comentaris sobre el viatge per part del nostre alumnat!<\/span><\/p>\n<p><span style=\"font-weight: 400\">\u201cLa gent era molt diferent de la de Mallorca, perqu\u00e8 era molt m\u00e9s respectuosa i simp\u00e0tica. Vaig observar que a la cultura alemanya la gent era molt m\u00e9s simp\u00e0tica.\u201d<\/span><\/p>\n<p><span style=\"font-weight: 400\">\u201cSobretot als restaurants o supermercats intentava demanar algunes coses en alemany i les mestres m\u2019ajudaven de tant en tant.\u201d<\/span><\/p>\n<p><span style=\"font-weight: 400\">\u201cL\u2019institut em va par\u00e8ixer super diferent al d\u2019aqu\u00ed, i una cosa que em va cridar molt l\u2019atenci\u00f3 va ser que els alumnes d\u2019all\u00e0 quan fan una classe no solen fer cap broma ni cap renou durant la classe i em pareix que les classes all\u00e0 s\u00f3n molt m\u00e9s avorrides. I la gent d\u2019all\u00e0 em pareix molt m\u00e9s formal o seriosa.\u201d\u00a0<\/span><\/p>\n<p><span style=\"font-weight: 400\">\u201cEl que m\u00e9s em va agradar del viatge va ser la neu, ja que utilitzar els trineus va ser molt divertit. D\u2019aquest viatge no canviaria res, ja que va ser pr\u00e0cticament perfecte.\u201d<\/span><\/p>\n<p>&nbsp;<\/p>\n<p style=\"text-align: right\"><span style=\"font-weight: 400\">Departament d\u2019Alemany<\/span><\/p>\n<p><br style=\"font-weight: 400\" \/><br style=\"font-weight: 400\" \/><\/p>\n","protected":false},"excerpt":{"rendered":"<p>El mar\u00e7 un grup d\u2019alumnes de 3r d\u2019ESO van fer  [&#8230;]<\/p>\n","protected":false},"author":9,"featured_media":597,"comment_status":"open","ping_status":"open","sticky":false,"template":"","format":"standard","meta":{"_jetpack_memberships_contains_paid_content":false,"footnotes":""},"categories":[41],"tags":[58,76,75,49],"class_list":["post-595","post","type-post","status-publish","format-standard","has-post-thumbnail","hentry","category-activitats","tag-alemany","tag-freiburg","tag-viatge","tag-viatge-destudis"],"jetpack_featured_media_url":"https:\/\/www.iesdamiahuguet.net\/test\/wp-content\/uploads\/sites\/8\/2025\/05\/Juntament-amb-lalumnat-del-Kepler-Gymnasium-Freiburg-scaled.jpg","jetpack_sharing_enabled":true,"_links":{"self":[{"href":"https:\/\/www.iesdamiahuguet.net\/test\/wp-json\/wp\/v2\/posts\/595","targetHints":{"allow":["GET"]}}],"collection":[{"href":"https:\/\/www.iesdamiahuguet.net\/test\/wp-json\/wp\/v2\/posts"}],"about":[{"href":"https:\/\/www.iesdamiahuguet.net\/test\/wp-json\/wp\/v2\/types\/post"}],"author":[{"embeddable":true,"href":"https:\/\/www.iesdamiahuguet.net\/test\/wp-json\/wp\/v2\/users\/9"}],"replies":[{"embeddable":true,"href":"https:\/\/www.iesdamiahuguet.net\/test\/wp-json\/wp\/v2\/comments?post=595"}],"version-history":[{"count":1,"href":"https:\/\/www.iesdamiahuguet.net\/test\/wp-json\/wp\/v2\/posts\/595\/revisions"}],"predecessor-version":[{"id":598,"href":"https:\/\/www.iesdamiahuguet.net\/test\/wp-json\/wp\/v2\/posts\/595\/revisions\/598"}],"wp:featuredmedia":[{"embeddable":true,"href":"https:\/\/www.iesdamiahuguet.net\/test\/wp-json\/wp\/v2\/media\/597"}],"wp:attachment":[{"href":"https:\/\/www.iesdamiahuguet.net\/test\/wp-json\/wp\/v2\/media?parent=595"}],"wp:term":[{"taxonomy":"category","embeddable":true,"href":"https:\/\/www.iesdamiahuguet.net\/test\/wp-json\/wp\/v2\/categories?post=595"},{"taxonomy":"post_tag","embeddable":true,"href":"https:\/\/www.iesdamiahuguet.net\/test\/wp-json\/wp\/v2\/tags?post=595"}],"curies":[{"name":"wp","href":"https:\/\/api.w.org\/{rel}","templated":true}]}}