{"id":590,"date":"2025-05-29T12:49:59","date_gmt":"2025-05-29T10:49:59","guid":{"rendered":"https:\/\/www.iesdamiahuguet.net\/test\/?p=590"},"modified":"2025-06-03T09:35:15","modified_gmt":"2025-06-03T07:35:15","slug":"pau-gomez-puigserver-mhan-quedat-molts-bons-records-de-linstitut","status":"publish","type":"post","link":"https:\/\/www.iesdamiahuguet.net\/test\/2025\/05\/29\/pau-gomez-puigserver-mhan-quedat-molts-bons-records-de-linstitut\/","title":{"rendered":"Pau G\u00f3mez Puigserver: &#8220;M&#8217;han quedat molts bons records de l&#8217;institut&#8221;"},"content":{"rendered":"<p>Pau G\u00f3mez Puigserver \u00e9s un ex-alumne del centre. L&#8217;hem entrevistat per veure com li va en la nova etapa.<\/p>\n<p>&nbsp;<\/p>\n<p><b>1-Quins records tens de l&#8217;IES Dami\u00e0 Huguet?<\/b><\/p>\n<p><span style=\"font-weight: 400\">Despr\u00e9s de sis anys a l\u2019institut m\u2019han quedat molts bons records. Tot i que algunes hores se\u2019m fessin un poc llargues, quan hi pens veig que els anys m\u2019han passat volant. El meu primer record de l\u2019institut \u00e9s quan vaig entrar per primera vegada al pavell\u00f3, on t\u2019assignaven la classe a qu\u00e8 aniries el primer any. Cada any vaig tenir la sort de coincidir amb qualque amic de tota la vida, per\u00f2 tamb\u00e9 he tengut l\u2019oportunitat de fer molt bons amics amb qui m\u2019ho he passat molt b\u00e9 tant dins com fora de l\u2019institut.\u00a0<\/span><\/p>\n<p><span style=\"font-weight: 400\">Potser diria que els primers anys se\u2019m feren una mica m\u00e9s pesats, per\u00f2 a partir de quart d\u2019ESO \u00e9s cert que segurament han estat els anys que millor m\u2019ho he passat fins ara, encara que tamb\u00e9 hagin estat els m\u00e9s complicats acad\u00e8micament.<\/span><\/p>\n<p>&nbsp;<\/p>\n<p><b>2-Qu\u00e8 estudies i on? Qu\u00e8 et va dur a fer aquests estudis?<\/b><\/p>\n<p><span style=\"font-weight: 400\">Enguany estic estudiant un grau universitari d\u2019Odontologia a Val\u00e8ncia. Ja fa bastants d\u2019anys que vaig decidir que volia estudiar aquesta carrera. Des de molt petit m\u2019ha tocat dur ortod\u00f2ncia perqu\u00e8 tenia una mossegada complicada que em podia provocar problemes en un futur, i em vaig anar interessant per la professi\u00f3 a poc a poc. Tamb\u00e9 va influir que la meva tia sigui dentista, i m\u2019hagi anat explicant coses sobre la seva feina sobretot aquests darrers anys.<\/span><\/p>\n<p>&nbsp;<\/p>\n<p><b>3-Quines sortides professionals tenen aquests estudis?<\/b><\/p>\n<p><span style=\"font-weight: 400\">Tot i que la sortida m\u00e9s comuna \u00e9s l\u2019odontologia general, tamb\u00e9 hi ha altres sortides com ara la doc\u00e8ncia, la investigaci\u00f3 o altres branques com l\u2019ortod\u00f2ncia o la period\u00f2ncia.\u00a0<\/span><\/p>\n<p>&nbsp;<\/p>\n<p><b>4-A qu\u00e8 et voldries dedicar i per qu\u00e8?<\/b><\/p>\n<p><span style=\"font-weight: 400\">Ara mateix tenc bastant clar que m\u2019agradaria treballar en una cl\u00ednica dental com a odont\u00f2leg, per\u00f2 m\u2019agradaria continuar estudiant en haver acabat la carrera per especialitzar-me en qualque branca de la professi\u00f3. En un principi volia estudiar ortod\u00f2ncia, per\u00f2 a mesura que vaig aprenent coses sobre la boca em vaig interessant per altres branques com l\u2019endod\u00f2ncia, aix\u00ed que ja triar\u00e9 en haver acabat la carrera.\u00a0<\/span><\/p>\n<p><br style=\"font-weight: 400\" \/><br style=\"font-weight: 400\" \/><\/p>\n","protected":false},"excerpt":{"rendered":"<p>Pau G\u00f3mez Puigserver \u00e9s un ex-alumne del centre. L&#8217;hem entrevistat  [&#8230;]<\/p>\n","protected":false},"author":9,"featured_media":289,"comment_status":"open","ping_status":"open","sticky":false,"template":"","format":"standard","meta":{"_jetpack_memberships_contains_paid_content":false,"footnotes":""},"categories":[38],"tags":[74],"class_list":["post-590","post","type-post","status-publish","format-standard","has-post-thumbnail","hentry","category-entrevista","tag-ex-alumne"],"jetpack_featured_media_url":"https:\/\/www.iesdamiahuguet.net\/test\/wp-content\/uploads\/sites\/8\/2024\/03\/fall-sale-newsletter-bg-1.jpg","jetpack_sharing_enabled":true,"_links":{"self":[{"href":"https:\/\/www.iesdamiahuguet.net\/test\/wp-json\/wp\/v2\/posts\/590","targetHints":{"allow":["GET"]}}],"collection":[{"href":"https:\/\/www.iesdamiahuguet.net\/test\/wp-json\/wp\/v2\/posts"}],"about":[{"href":"https:\/\/www.iesdamiahuguet.net\/test\/wp-json\/wp\/v2\/types\/post"}],"author":[{"embeddable":true,"href":"https:\/\/www.iesdamiahuguet.net\/test\/wp-json\/wp\/v2\/users\/9"}],"replies":[{"embeddable":true,"href":"https:\/\/www.iesdamiahuguet.net\/test\/wp-json\/wp\/v2\/comments?post=590"}],"version-history":[{"count":2,"href":"https:\/\/www.iesdamiahuguet.net\/test\/wp-json\/wp\/v2\/posts\/590\/revisions"}],"predecessor-version":[{"id":594,"href":"https:\/\/www.iesdamiahuguet.net\/test\/wp-json\/wp\/v2\/posts\/590\/revisions\/594"}],"wp:featuredmedia":[{"embeddable":true,"href":"https:\/\/www.iesdamiahuguet.net\/test\/wp-json\/wp\/v2\/media\/289"}],"wp:attachment":[{"href":"https:\/\/www.iesdamiahuguet.net\/test\/wp-json\/wp\/v2\/media?parent=590"}],"wp:term":[{"taxonomy":"category","embeddable":true,"href":"https:\/\/www.iesdamiahuguet.net\/test\/wp-json\/wp\/v2\/categories?post=590"},{"taxonomy":"post_tag","embeddable":true,"href":"https:\/\/www.iesdamiahuguet.net\/test\/wp-json\/wp\/v2\/tags?post=590"}],"curies":[{"name":"wp","href":"https:\/\/api.w.org\/{rel}","templated":true}]}}