{"id":568,"date":"2025-05-29T08:30:06","date_gmt":"2025-05-29T06:30:06","guid":{"rendered":"https:\/\/www.iesdamiahuguet.net\/test\/?p=568"},"modified":"2025-05-30T08:39:21","modified_gmt":"2025-05-30T06:39:21","slug":"toni-ginard-guardonat-als-premis-mallorca-jove","status":"publish","type":"post","link":"https:\/\/www.iesdamiahuguet.net\/test\/2025\/05\/29\/toni-ginard-guardonat-als-premis-mallorca-jove\/","title":{"rendered":"Toni Ginard, guardonat als Premis Mallorca Jove"},"content":{"rendered":"<p><span style=\"font-weight: 400\">Dia 27 de maig es varen atorgar els <\/span><b>Premis Mallorca Jove <\/b><span style=\"font-weight: 400\">al pati de la Miseric\u00f2rdia a Palma. El nostre alumne <\/span><b>Toni Ginard Rigo<\/b><span style=\"font-weight: 400\"> de 1r d&#8217;ESO B ha estat guardonat a la categoria de<\/span><i><span style=\"font-weight: 400\"> Disseny de Punt de Llibre<\/span><\/i><span style=\"font-weight: 400\"> amb l&#8217;activitat realitzada a Projecte Lector sobre les rondalles mallorquines. L&#8217;alumne va estar acompanyat a l&#8217;acte de la seva fam\u00edlia, la seva professora de llengua castellana, Catalina Mesquida, i el seu tutor, Biel Ballester. L&#8217;alumne ha rebut un diploma, 120 euros i una col\u00b7lecci\u00f3 completa de les rondalles mallorquines, en reconeixement a la seva creativitat i talent en el disseny gr\u00e0fic.<\/span><\/p>\n<p>&nbsp;<\/p>\n<p><span style=\"font-weight: 400\">Els alumnes de 1r i 2n d&#8217;ESO despr\u00e9s de la lectura a classe d&#8217;una rondalla, li varen donar la volta\u00a0 fent-les m\u00e9s actualitzades i seguint unes pautes coeducatives. Finalment, a partir de les seves hist\u00f2ries crearen un c\u00f2mic i, per Sant Jordi, punts de llibre sobre el tema. Aquestes activitats han estat proposades per les comissions de Biblioteca i Coeducaci\u00f3 del nostre centre. Els millors punts de llibre es presentaren a la convocat\u00f2ria dels Premis Mallorca Jove 2025 i Toni Ginard Rigo va ser premiat.<\/span><\/p>\n<p>&nbsp;<\/p>\n<p><span style=\"font-weight: 400\">A m\u00e9s de l&#8217;alumne guardonat, el Consell de Mallorca tamb\u00e9 ha premiat els centres vinculats amb les obres guanyadores i els docents que han duit a terme l&#8217;activitat on se&#8217;ns reconeix la nostra labor per refor\u00e7ar el comprom\u00eds amb la literatura i la nostra cultura.<\/span><\/p>\n<p>&nbsp;<\/p>\n<p style=\"text-align: right\"><span style=\"font-weight: 400\">Miquela Ollers, Departament de Llengua Castellana<\/span><\/p>\n<p><br style=\"font-weight: 400\" \/><br style=\"font-weight: 400\" \/><\/p>\n","protected":false},"excerpt":{"rendered":"<p>Dia 27 de maig es varen atorgar els Premis Mallorca  [&#8230;]<\/p>\n","protected":false},"author":9,"featured_media":569,"comment_status":"open","ping_status":"open","sticky":false,"template":"","format":"standard","meta":{"_jetpack_memberships_contains_paid_content":false,"footnotes":""},"categories":[41],"tags":[40,67,68],"class_list":["post-568","post","type-post","status-publish","format-standard","has-post-thumbnail","hentry","category-activitats","tag-1r-deso","tag-disseny","tag-premi"],"jetpack_featured_media_url":"https:\/\/www.iesdamiahuguet.net\/test\/wp-content\/uploads\/sites\/8\/2025\/05\/Foto-premis-Mallorca-scaled-e1748587129560.jpg","jetpack_sharing_enabled":true,"_links":{"self":[{"href":"https:\/\/www.iesdamiahuguet.net\/test\/wp-json\/wp\/v2\/posts\/568","targetHints":{"allow":["GET"]}}],"collection":[{"href":"https:\/\/www.iesdamiahuguet.net\/test\/wp-json\/wp\/v2\/posts"}],"about":[{"href":"https:\/\/www.iesdamiahuguet.net\/test\/wp-json\/wp\/v2\/types\/post"}],"author":[{"embeddable":true,"href":"https:\/\/www.iesdamiahuguet.net\/test\/wp-json\/wp\/v2\/users\/9"}],"replies":[{"embeddable":true,"href":"https:\/\/www.iesdamiahuguet.net\/test\/wp-json\/wp\/v2\/comments?post=568"}],"version-history":[{"count":1,"href":"https:\/\/www.iesdamiahuguet.net\/test\/wp-json\/wp\/v2\/posts\/568\/revisions"}],"predecessor-version":[{"id":570,"href":"https:\/\/www.iesdamiahuguet.net\/test\/wp-json\/wp\/v2\/posts\/568\/revisions\/570"}],"wp:featuredmedia":[{"embeddable":true,"href":"https:\/\/www.iesdamiahuguet.net\/test\/wp-json\/wp\/v2\/media\/569"}],"wp:attachment":[{"href":"https:\/\/www.iesdamiahuguet.net\/test\/wp-json\/wp\/v2\/media?parent=568"}],"wp:term":[{"taxonomy":"category","embeddable":true,"href":"https:\/\/www.iesdamiahuguet.net\/test\/wp-json\/wp\/v2\/categories?post=568"},{"taxonomy":"post_tag","embeddable":true,"href":"https:\/\/www.iesdamiahuguet.net\/test\/wp-json\/wp\/v2\/tags?post=568"}],"curies":[{"name":"wp","href":"https:\/\/api.w.org\/{rel}","templated":true}]}}