{"id":520,"date":"2025-05-29T08:45:08","date_gmt":"2025-05-29T06:45:08","guid":{"rendered":"https:\/\/www.iesdamiahuguet.net\/test\/?p=520"},"modified":"2025-05-29T08:45:08","modified_gmt":"2025-05-29T06:45:08","slug":"entrevista-a-alumnes-de-1r-deso","status":"publish","type":"post","link":"https:\/\/www.iesdamiahuguet.net\/test\/2025\/05\/29\/entrevista-a-alumnes-de-1r-deso\/","title":{"rendered":"Entrevista a alumnes de 1r d&#8217;ESO"},"content":{"rendered":"<p><span style=\"font-weight: 400\">Des de P\u00e0gines Uep! hem volgut saber com han sentit el canvi de centre i etapa educativa els alumnes que comencen enguany a l&#8217;institut. Per aix\u00f2 n&#8217;hem entrevistat alguns. Les preguntes que els hem fet s\u00f3n les seg\u00fcents:<\/span><\/p>\n<p><span style=\"font-weight: 400\">-On has estudiat Educaci\u00f3 Infantil i Prim\u00e0ria?<\/span><\/p>\n<p><span style=\"font-weight: 400\">-Qu\u00e8 t\u2019ha semblat l\u2019institut? \u00c9s com t\u2019esperaves?<\/span><\/p>\n<p><span style=\"font-weight: 400\">-Pel que fa al nivell, has trobat m\u00e9s dif\u00edcil 1r d\u2019ESO que 6\u00e8 de Prim\u00e0ria? Quines assignatures s\u00f3n les m\u00e9s f\u00e0cils? I les que et costen m\u00e9s? Per qu\u00e8?<\/span><\/p>\n<p><span style=\"font-weight: 400\">-Qu\u00e8 \u00e9s el que t\u2019agrada m\u00e9s de l\u2019institut? I el que menys?<\/span><\/p>\n<p>&nbsp;<\/p>\n<p><b>Albert Bonet Llad\u00f3 1r ESO E\u00a0<\/b><\/p>\n<p><img decoding=\"async\" class=\"aligncenter size-medium wp-image-573\" src=\"https:\/\/www.iesdamiahuguet.net\/test\/wp-content\/uploads\/sites\/8\/2025\/05\/BONET-LLADO-ALBERT-249x300.jpg\" alt=\"\" width=\"249\" height=\"300\" srcset=\"https:\/\/www.iesdamiahuguet.net\/test\/wp-content\/uploads\/sites\/8\/2025\/05\/BONET-LLADO-ALBERT-200x241.jpg 200w, https:\/\/www.iesdamiahuguet.net\/test\/wp-content\/uploads\/sites\/8\/2025\/05\/BONET-LLADO-ALBERT-249x300.jpg 249w, https:\/\/www.iesdamiahuguet.net\/test\/wp-content\/uploads\/sites\/8\/2025\/05\/BONET-LLADO-ALBERT-400x483.jpg 400w, https:\/\/www.iesdamiahuguet.net\/test\/wp-content\/uploads\/sites\/8\/2025\/05\/BONET-LLADO-ALBERT-600x724.jpg 600w, https:\/\/www.iesdamiahuguet.net\/test\/wp-content\/uploads\/sites\/8\/2025\/05\/BONET-LLADO-ALBERT-768x927.jpg 768w, https:\/\/www.iesdamiahuguet.net\/test\/wp-content\/uploads\/sites\/8\/2025\/05\/BONET-LLADO-ALBERT-800x965.jpg 800w, https:\/\/www.iesdamiahuguet.net\/test\/wp-content\/uploads\/sites\/8\/2025\/05\/BONET-LLADO-ALBERT-849x1024.jpg 849w, https:\/\/www.iesdamiahuguet.net\/test\/wp-content\/uploads\/sites\/8\/2025\/05\/BONET-LLADO-ALBERT-1200x1448.jpg 1200w, https:\/\/www.iesdamiahuguet.net\/test\/wp-content\/uploads\/sites\/8\/2025\/05\/BONET-LLADO-ALBERT-1273x1536.jpg 1273w, https:\/\/www.iesdamiahuguet.net\/test\/wp-content\/uploads\/sites\/8\/2025\/05\/BONET-LLADO-ALBERT-1698x2048.jpg 1698w\" sizes=\"(max-width: 249px) 100vw, 249px\" \/><\/p>\n<p><span style=\"font-weight: 400\">Vaig estudiar al Fra Joan Ballester de Campos. El canvi a l&#8217;institut ha estat un poc complicat perqu\u00e8 a l&#8217;escola nom\u00e9s tenia tres professors: un d&#8217;Educaci\u00f3 F\u00edsica, una d&#8217;Angl\u00e8s i la tutora per a la resta d&#8217;assignatures. Aquest any tenim un professor o professora per cada una de les assignatures. A l&#8217;institut, com que tenim molts de professors, cada un et posa els deures que vol.\u00a0<\/span><\/p>\n<p><span style=\"font-weight: 400\">Pel que fa al tema dels estudis es nota bastant la difer\u00e8ncia perqu\u00e8 nosaltres empr\u00e0vem iPad i ara toca adaptar-me al Chromebook. Entre l&#8217;institut i l&#8217;escola la difer\u00e8ncia es nota molt en les instal\u00b7lacions, el pati, professors&#8230; El canvi l\u2019esperava m\u00e9s f\u00e0cil del que ha estat perqu\u00e8 m&#8217;he hagut d&#8217;adaptar al centre, als amics i companys&#8230; El pas de 6\u00e8 de prim\u00e0ria a 1r d\u2019ESO ha estat complicat.\u00a0<\/span><\/p>\n<p><span style=\"font-weight: 400\">Les assignatures que m\u00e9s m&#8217;agraden s\u00f3n: Matem\u00e0tiques, Biologia i Alemany, i les que m\u00e9s em costen s\u00f3n: Catal\u00e0, Castell\u00e0 i Angl\u00e8s perqu\u00e8 les lleng\u00fces s\u00f3n un poc complicades per a mi. El que m\u00e9s m&#8217;agrada de l&#8217;institut s\u00f3n: els professors, les instal\u00b7lacions i l&#8217;ambient. No hi ha res que no m&#8217;agradi.<\/span><\/p>\n<p><span style=\"font-weight: 400\">Aquesta ha estat la hist\u00f2ria del meu canvi a l&#8217;institut. Bon estiu!\u00a0<\/span><\/p>\n<p><span style=\"font-weight: 400\">Albert Bonet Llad\u00f3 1r ESO E<\/span><\/p>\n<p>&nbsp;<\/p>\n<p><b>Guillem Rigo Salas, 1r ESO F<\/b><\/p>\n<p><img decoding=\"async\" class=\"aligncenter size-medium wp-image-574\" src=\"https:\/\/www.iesdamiahuguet.net\/test\/wp-content\/uploads\/sites\/8\/2025\/05\/RIGO-SALAS-GUILLEM-200x300.jpg\" alt=\"\" width=\"200\" height=\"300\" srcset=\"https:\/\/www.iesdamiahuguet.net\/test\/wp-content\/uploads\/sites\/8\/2025\/05\/RIGO-SALAS-GUILLEM-200x300.jpg 200w, https:\/\/www.iesdamiahuguet.net\/test\/wp-content\/uploads\/sites\/8\/2025\/05\/RIGO-SALAS-GUILLEM-400x600.jpg 400w, https:\/\/www.iesdamiahuguet.net\/test\/wp-content\/uploads\/sites\/8\/2025\/05\/RIGO-SALAS-GUILLEM-600x900.jpg 600w, https:\/\/www.iesdamiahuguet.net\/test\/wp-content\/uploads\/sites\/8\/2025\/05\/RIGO-SALAS-GUILLEM-683x1024.jpg 683w, https:\/\/www.iesdamiahuguet.net\/test\/wp-content\/uploads\/sites\/8\/2025\/05\/RIGO-SALAS-GUILLEM-768x1152.jpg 768w, https:\/\/www.iesdamiahuguet.net\/test\/wp-content\/uploads\/sites\/8\/2025\/05\/RIGO-SALAS-GUILLEM-800x1200.jpg 800w, https:\/\/www.iesdamiahuguet.net\/test\/wp-content\/uploads\/sites\/8\/2025\/05\/RIGO-SALAS-GUILLEM-1024x1536.jpg 1024w, https:\/\/www.iesdamiahuguet.net\/test\/wp-content\/uploads\/sites\/8\/2025\/05\/RIGO-SALAS-GUILLEM-1200x1800.jpg 1200w, https:\/\/www.iesdamiahuguet.net\/test\/wp-content\/uploads\/sites\/8\/2025\/05\/RIGO-SALAS-GUILLEM-1365x2048.jpg 1365w, https:\/\/www.iesdamiahuguet.net\/test\/wp-content\/uploads\/sites\/8\/2025\/05\/RIGO-SALAS-GUILLEM-scaled.jpg 1707w\" sizes=\"(max-width: 200px) 100vw, 200px\" \/><\/p>\n<p><span style=\"font-weight: 400\">Soc en Guillem Rigo Salas, i vaig estudiar al CEIP Joan Veny i Clar. Per a mi, es nota molt el canvi del CEIP a l\u2019IES: tens molts professors diferents, hi ha moltes aules i al principi et perds, pots triar una optativa\u2026 El millor de l\u2019institut \u00e9s tenir optatives, poder aprendre coses diferents, tenir el bar, les activitats amb\u00a0 els tutorets\u2026 El pitjor, en canvi, \u00e9s que has d\u2019estudiar m\u00e9s, t\u2019has d\u2019aixecar m\u00e9s prest, tens m\u00e9s deures, hi ha amonestacions\u2026 El canvi m\u2019ha agradat de moment, esper seguir aix\u00ed!<\/span><\/p>\n<p>&nbsp;<\/p>\n<p><b>B\u00c0RBARA SERRA. 1r ESO D<\/b><\/p>\n<p><img decoding=\"async\" class=\"aligncenter size-medium wp-image-575\" src=\"https:\/\/www.iesdamiahuguet.net\/test\/wp-content\/uploads\/sites\/8\/2025\/05\/SERRA-RODRIGUEZ-BARBARA-200x300.jpg\" alt=\"\" width=\"200\" height=\"300\" srcset=\"https:\/\/www.iesdamiahuguet.net\/test\/wp-content\/uploads\/sites\/8\/2025\/05\/SERRA-RODRIGUEZ-BARBARA-200x300.jpg 200w, https:\/\/www.iesdamiahuguet.net\/test\/wp-content\/uploads\/sites\/8\/2025\/05\/SERRA-RODRIGUEZ-BARBARA-400x600.jpg 400w, https:\/\/www.iesdamiahuguet.net\/test\/wp-content\/uploads\/sites\/8\/2025\/05\/SERRA-RODRIGUEZ-BARBARA-600x900.jpg 600w, https:\/\/www.iesdamiahuguet.net\/test\/wp-content\/uploads\/sites\/8\/2025\/05\/SERRA-RODRIGUEZ-BARBARA-683x1024.jpg 683w, https:\/\/www.iesdamiahuguet.net\/test\/wp-content\/uploads\/sites\/8\/2025\/05\/SERRA-RODRIGUEZ-BARBARA-768x1152.jpg 768w, https:\/\/www.iesdamiahuguet.net\/test\/wp-content\/uploads\/sites\/8\/2025\/05\/SERRA-RODRIGUEZ-BARBARA-800x1200.jpg 800w, https:\/\/www.iesdamiahuguet.net\/test\/wp-content\/uploads\/sites\/8\/2025\/05\/SERRA-RODRIGUEZ-BARBARA-1024x1536.jpg 1024w, https:\/\/www.iesdamiahuguet.net\/test\/wp-content\/uploads\/sites\/8\/2025\/05\/SERRA-RODRIGUEZ-BARBARA-1200x1800.jpg 1200w, https:\/\/www.iesdamiahuguet.net\/test\/wp-content\/uploads\/sites\/8\/2025\/05\/SERRA-RODRIGUEZ-BARBARA-1365x2048.jpg 1365w, https:\/\/www.iesdamiahuguet.net\/test\/wp-content\/uploads\/sites\/8\/2025\/05\/SERRA-RODRIGUEZ-BARBARA-scaled.jpg 1707w\" sizes=\"(max-width: 200px) 100vw, 200px\" \/><\/p>\n<p><span style=\"font-weight: 400\">Enguany ha estat el meu primer curs a l&#8217;institut, ja que l&#8217;any passat estudiava al CEIP Joan Veny i Clar. El que a mi m&#8217;ha semblat de l&#8217;institut \u00e9s que tenim un professor per a cada mat\u00e8ria, a part de la nostra tutora. Tamb\u00e9 em pensava que les assignatures serien m\u00e9s dif\u00edcils i trauria menys nota, per\u00f2 ho duc b\u00e9. Per\u00f2 si no estudies una hora cada dia, \u00e9s m\u00e9s probable que treguis mala nota. S\u00ed que \u00e9s vera que a l&#8217;institut posen moltes amonestacions, ja que a prim\u00e0ria aix\u00f2 no es feia servir, per\u00f2 si et comportes adequadament, no \u00e9s un problema. No m&#8217;esperava que hi hagu\u00e9s tanta gent al pati, i que hi hagu\u00e9s tanta cua per anar al bar.<\/span><\/p>\n<p><span style=\"font-weight: 400\">He trobat que l&#8217;institut \u00e9s un poc m\u00e9s dif\u00edcil que la prim\u00e0ria, ja que els professors no et presten tanta atenci\u00f3, \u00e9s a dir, no s\u00f3n tan propers com a prim\u00e0ria. Les assignatures que ens van millor s\u00f3n: Castell\u00e0, M\u00fasica i Biologia, pel fet que es pot dir que feim coses que l&#8217;any passat tamb\u00e9 f\u00e8iem. Les assignatures que em van m\u00e9s malament s\u00f3n: Matem\u00e0tiques i Catal\u00e0. Normalment, no solen posar deures, nom\u00e9s hi ha el que no hem acabat el temps de classe.<\/span><\/p>\n<p><span style=\"font-weight: 400\">El que m&#8217;agrada m\u00e9s de l&#8217;institut \u00e9s que per molt que no t&#8217;agradi la teva classe, sempre t&#8217;ho passes molt b\u00e9, o tamb\u00e9 m&#8217;agrada que he conegut molta gent nova d&#8217;altres llocs. El que menys m&#8217;agrada \u00e9s que a la m\u00ednima et poden posar una amonestaci\u00f3 i que normalment no et deixen anar al bany.<\/span><\/p>\n<p><span style=\"font-weight: 400\">Per\u00f2, en conclusi\u00f3, cada dia \u00e9s una aventura nova.<\/span><\/p>\n<p>&nbsp;<\/p>\n<p><b>LLU\u00cdS BARCEL\u00d3 (1r d\u2019ESO A)<\/b><\/p>\n<p><img decoding=\"async\" class=\"aligncenter size-medium wp-image-577\" src=\"https:\/\/www.iesdamiahuguet.net\/test\/wp-content\/uploads\/sites\/8\/2025\/05\/BARCELO-JUAN-LLUIS-200x300.jpg\" alt=\"\" width=\"200\" height=\"300\" srcset=\"https:\/\/www.iesdamiahuguet.net\/test\/wp-content\/uploads\/sites\/8\/2025\/05\/BARCELO-JUAN-LLUIS-200x300.jpg 200w, https:\/\/www.iesdamiahuguet.net\/test\/wp-content\/uploads\/sites\/8\/2025\/05\/BARCELO-JUAN-LLUIS-400x600.jpg 400w, https:\/\/www.iesdamiahuguet.net\/test\/wp-content\/uploads\/sites\/8\/2025\/05\/BARCELO-JUAN-LLUIS-600x900.jpg 600w, https:\/\/www.iesdamiahuguet.net\/test\/wp-content\/uploads\/sites\/8\/2025\/05\/BARCELO-JUAN-LLUIS-683x1024.jpg 683w, https:\/\/www.iesdamiahuguet.net\/test\/wp-content\/uploads\/sites\/8\/2025\/05\/BARCELO-JUAN-LLUIS-768x1152.jpg 768w, https:\/\/www.iesdamiahuguet.net\/test\/wp-content\/uploads\/sites\/8\/2025\/05\/BARCELO-JUAN-LLUIS-800x1200.jpg 800w, https:\/\/www.iesdamiahuguet.net\/test\/wp-content\/uploads\/sites\/8\/2025\/05\/BARCELO-JUAN-LLUIS-1024x1536.jpg 1024w, https:\/\/www.iesdamiahuguet.net\/test\/wp-content\/uploads\/sites\/8\/2025\/05\/BARCELO-JUAN-LLUIS-1200x1800.jpg 1200w, https:\/\/www.iesdamiahuguet.net\/test\/wp-content\/uploads\/sites\/8\/2025\/05\/BARCELO-JUAN-LLUIS-1365x2048.jpg 1365w, https:\/\/www.iesdamiahuguet.net\/test\/wp-content\/uploads\/sites\/8\/2025\/05\/BARCELO-JUAN-LLUIS-scaled.jpg 1707w\" sizes=\"(max-width: 200px) 100vw, 200px\" \/><\/p>\n<p><span style=\"font-weight: 400\">Aquest any ha estat el meu primer dins l&#8217;IES Dami\u00e0 Huguet, perqu\u00e8 l&#8217;any passat estudiava al CEIP Joan Veny i Clar.<\/span><\/p>\n<p><span style=\"font-weight: 400\">Trob que hi ha un gran canvi, sobretot amb el tema del professorat, ja que a prim\u00e0ria nom\u00e9s ten\u00edem un professor, per\u00f2 a l&#8217;institut en tenim un per cada assignatura.\u00a0<\/span><\/p>\n<p><span style=\"font-weight: 400\">L&#8217;institut dep\u00e8n de com et portis i estudis et pot anar b\u00e9 o malament. \u00c9s m\u00e9s dif\u00edcil que la prim\u00e0ria, per\u00f2 si estudies un m\u00ednim de temps no \u00e9s tan dif\u00edcil. Les assignatures m\u00e9s f\u00e0cils trob que s\u00f3n M\u00fasica i Biologia ja que feim coses que hem fet altres anys.<\/span><\/p>\n<p><span style=\"font-weight: 400\">El que m\u00e9s m&#8217;agrada de l&#8217;institut \u00e9s que coneixes gent d&#8217;altres pobles i que a la classe ens duim b\u00e9 entre tots.<\/span><\/p>\n<p><span style=\"font-weight: 400\">Les coses que menys m&#8217;agraden s\u00f3n que a la m\u00ednima que facis alguna cosa et posen una amonestaci\u00f3, cosa que a prim\u00e0ria no f\u00e8iem servir.<\/span><\/p>\n<p><span style=\"font-weight: 400\">Aquest any ha estat bastant divertit, ja que ens ho passem b\u00e9 amb els companys.<\/span><\/p>\n<p>&nbsp;<\/p>\n<p><b>AYMEN EL KADI (1r d\u2019ESO A)<\/b><\/p>\n<p><img decoding=\"async\" class=\"aligncenter size-medium wp-image-578\" src=\"https:\/\/www.iesdamiahuguet.net\/test\/wp-content\/uploads\/sites\/8\/2025\/05\/EL-KADI-AYMEN-200x300.jpg\" alt=\"\" width=\"200\" height=\"300\" srcset=\"https:\/\/www.iesdamiahuguet.net\/test\/wp-content\/uploads\/sites\/8\/2025\/05\/EL-KADI-AYMEN-200x300.jpg 200w, https:\/\/www.iesdamiahuguet.net\/test\/wp-content\/uploads\/sites\/8\/2025\/05\/EL-KADI-AYMEN-400x600.jpg 400w, https:\/\/www.iesdamiahuguet.net\/test\/wp-content\/uploads\/sites\/8\/2025\/05\/EL-KADI-AYMEN-600x900.jpg 600w, https:\/\/www.iesdamiahuguet.net\/test\/wp-content\/uploads\/sites\/8\/2025\/05\/EL-KADI-AYMEN-683x1024.jpg 683w, https:\/\/www.iesdamiahuguet.net\/test\/wp-content\/uploads\/sites\/8\/2025\/05\/EL-KADI-AYMEN-768x1152.jpg 768w, https:\/\/www.iesdamiahuguet.net\/test\/wp-content\/uploads\/sites\/8\/2025\/05\/EL-KADI-AYMEN-800x1200.jpg 800w, https:\/\/www.iesdamiahuguet.net\/test\/wp-content\/uploads\/sites\/8\/2025\/05\/EL-KADI-AYMEN-1024x1536.jpg 1024w, https:\/\/www.iesdamiahuguet.net\/test\/wp-content\/uploads\/sites\/8\/2025\/05\/EL-KADI-AYMEN-1200x1800.jpg 1200w, https:\/\/www.iesdamiahuguet.net\/test\/wp-content\/uploads\/sites\/8\/2025\/05\/EL-KADI-AYMEN-1365x2048.jpg 1365w, https:\/\/www.iesdamiahuguet.net\/test\/wp-content\/uploads\/sites\/8\/2025\/05\/EL-KADI-AYMEN-scaled.jpg 1707w\" sizes=\"(max-width: 200px) 100vw, 200px\" \/><\/p>\n<p><span style=\"font-weight: 400\">Jo vaig estudiar al CEIP Joan Veny i Clar. L\u2019institut m\u2019ha semblat molt gran, amb moltes classes i molts alumnes. La veritat \u00e9s que no ha estat com esperava. M\u2019agraden molt els jocs de pati, i no tant els ex\u00e0mens.<\/span><\/p>\n<p><span style=\"font-weight: 400\">He trobat que 1r d\u2019ESO \u00e9s m\u00e9s dif\u00edcil que 6\u00e8 de Prim\u00e0ria. Les assignatures m\u00e9s f\u00e0cils s\u00f3n Educaci\u00f3 F\u00edsica, M\u00fasica, Igualtat de G\u00e8nere en angl\u00e8s, Llengua Catalana, Geografia\u00a0 i Matem\u00e0tiques. Les que em costen un poc m\u00e9s s\u00f3n Biologia i Llengua Castellana, per\u00f2 dep\u00e8n del tema.<\/span><\/p>\n<p>&nbsp;<\/p>\n<p><b>MIREIA MAESTRO (1r ESO F)<\/b><\/p>\n<p><img decoding=\"async\" class=\"aligncenter size-medium wp-image-579\" src=\"https:\/\/www.iesdamiahuguet.net\/test\/wp-content\/uploads\/sites\/8\/2025\/05\/MAESTRO-CERDA-MIREIA-200x300.jpg\" alt=\"\" width=\"200\" height=\"300\" srcset=\"https:\/\/www.iesdamiahuguet.net\/test\/wp-content\/uploads\/sites\/8\/2025\/05\/MAESTRO-CERDA-MIREIA-200x300.jpg 200w, https:\/\/www.iesdamiahuguet.net\/test\/wp-content\/uploads\/sites\/8\/2025\/05\/MAESTRO-CERDA-MIREIA-400x600.jpg 400w, https:\/\/www.iesdamiahuguet.net\/test\/wp-content\/uploads\/sites\/8\/2025\/05\/MAESTRO-CERDA-MIREIA-600x900.jpg 600w, https:\/\/www.iesdamiahuguet.net\/test\/wp-content\/uploads\/sites\/8\/2025\/05\/MAESTRO-CERDA-MIREIA-683x1024.jpg 683w, https:\/\/www.iesdamiahuguet.net\/test\/wp-content\/uploads\/sites\/8\/2025\/05\/MAESTRO-CERDA-MIREIA-768x1152.jpg 768w, https:\/\/www.iesdamiahuguet.net\/test\/wp-content\/uploads\/sites\/8\/2025\/05\/MAESTRO-CERDA-MIREIA-800x1200.jpg 800w, https:\/\/www.iesdamiahuguet.net\/test\/wp-content\/uploads\/sites\/8\/2025\/05\/MAESTRO-CERDA-MIREIA-1024x1536.jpg 1024w, https:\/\/www.iesdamiahuguet.net\/test\/wp-content\/uploads\/sites\/8\/2025\/05\/MAESTRO-CERDA-MIREIA-1200x1800.jpg 1200w, https:\/\/www.iesdamiahuguet.net\/test\/wp-content\/uploads\/sites\/8\/2025\/05\/MAESTRO-CERDA-MIREIA-1365x2048.jpg 1365w, https:\/\/www.iesdamiahuguet.net\/test\/wp-content\/uploads\/sites\/8\/2025\/05\/MAESTRO-CERDA-MIREIA-scaled.jpg 1707w\" sizes=\"(max-width: 200px) 100vw, 200px\" \/><\/p>\n<p><span style=\"font-weight: 400\">He estudiat l&#8217;educaci\u00f3 infantil i prim\u00e0ria a ses Salines. La veritat \u00e9s que l&#8217;institut m&#8217;ha sorpr\u00e8s per b\u00e9, m&#8217;esperava que seria pitjor.<\/span><\/p>\n<p><span style=\"font-weight: 400\">He trobat m\u00e9s dif\u00edcil 1r d&#8217;ESO que l\u2019escola perqu\u00e8 a banda que hi ha m\u00e9s assignatures, el nivell es complica una mica m\u00e9s. L&#8217;assignatura m\u00e9s f\u00e0cil per a mi \u00e9s\u00a0 alemany, les altres les trob una mica m\u00e9s complicades. L&#8217;assignatura que em costa m\u00e9s \u00e9s Biologia perqu\u00e8 \u00e9s dif\u00edcil memoritzar tots els conceptes.\u00a0<\/span><\/p>\n<p><span style=\"font-weight: 400\">El que m&#8217;ha agradat m\u00e9s de l&#8217;institut \u00e9s que he fet noves amistats i que tenc un professor per a cada assignatura. El que menys \u00e9s que si no estudies no aproves.<\/span><\/p>\n<p>&nbsp;<\/p>\n<p><b>MALAK BOURAZMA (1r d\u2019ESO C)<\/b><\/p>\n<p><img decoding=\"async\" class=\"aligncenter size-medium wp-image-580\" src=\"https:\/\/www.iesdamiahuguet.net\/test\/wp-content\/uploads\/sites\/8\/2025\/05\/BOURAZMA-SALHI-MALAK-200x300.jpg\" alt=\"\" width=\"200\" height=\"300\" srcset=\"https:\/\/www.iesdamiahuguet.net\/test\/wp-content\/uploads\/sites\/8\/2025\/05\/BOURAZMA-SALHI-MALAK-200x300.jpg 200w, https:\/\/www.iesdamiahuguet.net\/test\/wp-content\/uploads\/sites\/8\/2025\/05\/BOURAZMA-SALHI-MALAK-400x600.jpg 400w, https:\/\/www.iesdamiahuguet.net\/test\/wp-content\/uploads\/sites\/8\/2025\/05\/BOURAZMA-SALHI-MALAK-600x900.jpg 600w, https:\/\/www.iesdamiahuguet.net\/test\/wp-content\/uploads\/sites\/8\/2025\/05\/BOURAZMA-SALHI-MALAK-683x1024.jpg 683w, https:\/\/www.iesdamiahuguet.net\/test\/wp-content\/uploads\/sites\/8\/2025\/05\/BOURAZMA-SALHI-MALAK-768x1152.jpg 768w, https:\/\/www.iesdamiahuguet.net\/test\/wp-content\/uploads\/sites\/8\/2025\/05\/BOURAZMA-SALHI-MALAK-800x1200.jpg 800w, https:\/\/www.iesdamiahuguet.net\/test\/wp-content\/uploads\/sites\/8\/2025\/05\/BOURAZMA-SALHI-MALAK-1024x1536.jpg 1024w, https:\/\/www.iesdamiahuguet.net\/test\/wp-content\/uploads\/sites\/8\/2025\/05\/BOURAZMA-SALHI-MALAK-1200x1800.jpg 1200w, https:\/\/www.iesdamiahuguet.net\/test\/wp-content\/uploads\/sites\/8\/2025\/05\/BOURAZMA-SALHI-MALAK-1365x2048.jpg 1365w, https:\/\/www.iesdamiahuguet.net\/test\/wp-content\/uploads\/sites\/8\/2025\/05\/BOURAZMA-SALHI-MALAK-scaled.jpg 1707w\" sizes=\"(max-width: 200px) 100vw, 200px\" \/><\/p>\n<p><span style=\"font-weight: 400\">Jo he estudiat infantil i prim\u00e0ria a sa Col\u00f2nia de Sant Jordi.<\/span><\/p>\n<p><span style=\"font-weight: 400\">L&#8217;institut m&#8217;ha semblat b\u00e9, no era com esperava per\u00f2 est\u00e0 b\u00e9. Jo pensava que seria molt m\u00e9s f\u00e0cil, amb m\u00e9s llibertat, per\u00f2 resulta que no \u00e9s aix\u00ed.<\/span><\/p>\n<p><span style=\"font-weight: 400\">1r de ESO \u00e9s com un rep\u00e0s de tota prim\u00e0ria. No \u00e9s ni dif\u00edcil ni f\u00e0cil, per\u00f2 per treure bones notes t&#8217;has d&#8217;esfor\u00e7ar. No hi ha cap assignatura f\u00e0cil, per\u00f2 sens dubte la m\u00e9s dificil \u00e9s Catal\u00e0 ja que el nivell puja molt.<\/span><\/p>\n<p><span style=\"font-weight: 400\">El que m\u00e9s m&#8217;agrada de l&#8217;institut \u00e9s que he conegut molta gent i he pogut fer molts d&#8217;amics. No hi ha res en especial que no m&#8217;agradi de l\u2019institut, si hagu\u00e9s de dir qualque cosa diria que alguns professors podrien ser m\u00e9s amables.\u00a0<\/span><\/p>\n<p>&nbsp;<\/p>\n","protected":false},"excerpt":{"rendered":"<p>Des de P\u00e0gines Uep! hem volgut saber com han sentit  [&#8230;]<\/p>\n","protected":false},"author":9,"featured_media":572,"comment_status":"open","ping_status":"open","sticky":false,"template":"","format":"standard","meta":{"_jetpack_memberships_contains_paid_content":false,"footnotes":""},"categories":[1],"tags":[40,69,70],"class_list":["post-520","post","type-post","status-publish","format-standard","has-post-thumbnail","hentry","category-general","tag-1r-deso","tag-primaria","tag-secundaria"],"jetpack_featured_media_url":"https:\/\/www.iesdamiahuguet.net\/test\/wp-content\/uploads\/sites\/8\/2025\/05\/Foto-de-primaria-a-secundaria.avif","jetpack_sharing_enabled":true,"_links":{"self":[{"href":"https:\/\/www.iesdamiahuguet.net\/test\/wp-json\/wp\/v2\/posts\/520","targetHints":{"allow":["GET"]}}],"collection":[{"href":"https:\/\/www.iesdamiahuguet.net\/test\/wp-json\/wp\/v2\/posts"}],"about":[{"href":"https:\/\/www.iesdamiahuguet.net\/test\/wp-json\/wp\/v2\/types\/post"}],"author":[{"embeddable":true,"href":"https:\/\/www.iesdamiahuguet.net\/test\/wp-json\/wp\/v2\/users\/9"}],"replies":[{"embeddable":true,"href":"https:\/\/www.iesdamiahuguet.net\/test\/wp-json\/wp\/v2\/comments?post=520"}],"version-history":[{"count":2,"href":"https:\/\/www.iesdamiahuguet.net\/test\/wp-json\/wp\/v2\/posts\/520\/revisions"}],"predecessor-version":[{"id":581,"href":"https:\/\/www.iesdamiahuguet.net\/test\/wp-json\/wp\/v2\/posts\/520\/revisions\/581"}],"wp:featuredmedia":[{"embeddable":true,"href":"https:\/\/www.iesdamiahuguet.net\/test\/wp-json\/wp\/v2\/media\/572"}],"wp:attachment":[{"href":"https:\/\/www.iesdamiahuguet.net\/test\/wp-json\/wp\/v2\/media?parent=520"}],"wp:term":[{"taxonomy":"category","embeddable":true,"href":"https:\/\/www.iesdamiahuguet.net\/test\/wp-json\/wp\/v2\/categories?post=520"},{"taxonomy":"post_tag","embeddable":true,"href":"https:\/\/www.iesdamiahuguet.net\/test\/wp-json\/wp\/v2\/tags?post=520"}],"curies":[{"name":"wp","href":"https:\/\/api.w.org\/{rel}","templated":true}]}}