{"id":500,"date":"2025-05-21T12:12:10","date_gmt":"2025-05-21T10:12:10","guid":{"rendered":"https:\/\/www.iesdamiahuguet.net\/test\/?p=500"},"modified":"2025-05-21T12:13:39","modified_gmt":"2025-05-21T10:13:39","slug":"diari-borriolenc-promer-capitol-campos-a-borriol","status":"publish","type":"post","link":"https:\/\/www.iesdamiahuguet.net\/test\/2025\/05\/21\/diari-borriolenc-promer-capitol-campos-a-borriol\/","title":{"rendered":"Diari borriolenc. Primer cap\u00edtol: Campos a Borriol"},"content":{"rendered":"<p align=\"justify\"><span style=\"font-family: Verdana, serif\"><b>DIJOUS, 3 D\u2019ABRIL. L\u2019ARRIBADA<\/b><\/span><\/p>\n<p align=\"justify\"><span style=\"font-family: Verdana, serif\">El primer dia hi havia molts de nervis perqu\u00e8 ja es feia realitat el que esper\u00e0vem feia uns mesos. De bon demat\u00ed ens trob\u00e0rem a l\u2019aeroport tots els alumnes participants en l\u2019intercanvi i les dues professores: Esther Grimalt i Llucia Manresa. V\u00e0rem agafar el vol i, quan arrib\u00e0rem a Valenci\u00e0, v\u00e0rem agafar el metro per anar a l&#8217;estaci\u00f3 del Nord i agafar el tren. Com que an\u00e0vem justes de temps, v\u00e0rem esperar 30 minuts a l\u2019estaci\u00f3, impacients per con\u00e8ixer els borriolencs. El tren va durar 1 h i em va passar molt r\u00e0pid. Quan v\u00e0rem arribar a Castell\u00f3, hav\u00edem d&#8217;agafar un bus, per\u00f2 na Teresa, en Jordi (els professors de l\u2019IES Borriol) es varen oferir a venir-nos a cercar. Jo vaig anar al cotxe de na Teresa i m\u2019ho vaig passar <\/span><span style=\"font-family: Verdana, serif\"><i>superb\u00e9<\/i><\/span><span style=\"font-family: Verdana, serif\">, ja que \u00e9s una dona molt encantadora. El trajecte va durar uns 15\u202fminuts i quan v\u00e0rem arribar a Borriol em va pegar molta vergonya i no volia baixar del cotxe, per\u00f2 al final vaig baixar i ens v\u00e0rem trobar tots. Els nins i nines ens esperaven a l&#8217;institut de Borriol i all\u00e0 ens v\u00e0rem con\u00e8ixer tots. Entre nervis i empegue\u00efment a poc a poc comen\u00e7\u00e0rem a anar tots junts casa per casa a deixar el nostre equipatge i despr\u00e9s v\u00e0rem fer activitats a l\u2019espai jove de Borriol. All\u00e0 v\u00e0rem fer un berenar de benvinguda amb les professores i els alumnes: v\u00e0rem menjar, jugar i tamb\u00e9 v\u00e0rem anar a fer una volta\u2026 Ens varen rebre amb un bon regal: una bossa per hom amb una botelleta d\u2019oli del poble, un mapa, una pilota, xapes i moltes coses m\u00e9s. Ja sabem qu\u00e8 ens toca quan venguin ells aqu\u00ed!<\/span><\/p>\n<div id=\"attachment_502\" style=\"width: 235px\" class=\"wp-caption aligncenter\"><img decoding=\"async\" aria-describedby=\"caption-attachment-502\" class=\"size-medium wp-image-502\" src=\"https:\/\/www.iesdamiahuguet.net\/test\/wp-content\/uploads\/sites\/8\/2025\/05\/Dia-1-ARIBADA-225x300.jpg\" alt=\"\" width=\"225\" height=\"300\" srcset=\"https:\/\/www.iesdamiahuguet.net\/test\/wp-content\/uploads\/sites\/8\/2025\/05\/Dia-1-ARIBADA-200x267.jpg 200w, https:\/\/www.iesdamiahuguet.net\/test\/wp-content\/uploads\/sites\/8\/2025\/05\/Dia-1-ARIBADA-225x300.jpg 225w, https:\/\/www.iesdamiahuguet.net\/test\/wp-content\/uploads\/sites\/8\/2025\/05\/Dia-1-ARIBADA-400x533.jpg 400w, https:\/\/www.iesdamiahuguet.net\/test\/wp-content\/uploads\/sites\/8\/2025\/05\/Dia-1-ARIBADA-600x800.jpg 600w, https:\/\/www.iesdamiahuguet.net\/test\/wp-content\/uploads\/sites\/8\/2025\/05\/Dia-1-ARIBADA-768x1024.jpg 768w, https:\/\/www.iesdamiahuguet.net\/test\/wp-content\/uploads\/sites\/8\/2025\/05\/Dia-1-ARIBADA-800x1067.jpg 800w, https:\/\/www.iesdamiahuguet.net\/test\/wp-content\/uploads\/sites\/8\/2025\/05\/Dia-1-ARIBADA-1152x1536.jpg 1152w, https:\/\/www.iesdamiahuguet.net\/test\/wp-content\/uploads\/sites\/8\/2025\/05\/Dia-1-ARIBADA.jpg 1200w\" sizes=\"(max-width: 225px) 100vw, 225px\" \/><p id=\"caption-attachment-502\" class=\"wp-caption-text\">Dia 1. Arribada<\/p><\/div>\n<p align=\"justify\"><span style=\"font-family: Verdana, serif\"><b>DIVENDRES, 4 D\u2019ABRIL. VISITA A FANZARA I TALLER <\/b><\/span><\/p>\n<p align=\"justify\"><span style=\"font-family: Verdana, serif\">El segon dia ens v\u00e0rem aixecar a les 7 i v\u00e0rem quedar tots a la pla\u00e7a de la Font per anar cap a l&#8217;institut. Despr\u00e9s de passar llista, v\u00e0rem anar cap a Fanzara, un poblet de devers 300 habitants que, igual que Borriol, \u00e9s situat a la prov\u00edncia de Castell\u00f3. \u00c9s conegut per ser una refer\u00e8ncia de l\u2019art urb\u00e0, ja que les fa\u00e7anes dels pobles s\u00f3n plenes de murals i grafits realitzats per artistes d\u2019arreu del m\u00f3n. El trajecte va durar uns 40\u202fminuts i dins el bus ja hi va comen\u00e7ar a haver molt bon rotllo: ja hav\u00edem perdut la vergonya del tot. Quan v\u00e0rem arribar, v\u00e0rem visitar la fundaci\u00f3 MIAU, on ens mostraren un documental sobre el seu projecte. Les inicials de MIAU signifiquen Museu Inacabat d\u2019Art Urb\u00e0. En haver berenat i voltat pel poble, el guia ens va separar en dos grups: uns varen fer un taller de grafitis, mentre que els altres varen fer una visita guiada pels murals del poble. El taller va durar una hora i mitja, i va ser molt divertit. Ens varen ensenyar la t\u00e8cnica per fer un grafit i combinar els colors segons la llum del sol, t\u00e8cnica que gaireb\u00e9 ning\u00fa va seguir quan pint\u00e0vem, per\u00f2 v\u00e0rem riure. La ruta pel poble tamb\u00e9 va ser entretinguda, malgrat que les explicacions de vegades es feien una mica feixugues. Pareixia que hi havia poca gent resident al poble, per\u00f2 un dels pocs que trob\u00e0rem va ser molt simp\u00e0tic, perqu\u00e8 ens va donar un caix\u00f3 de taronges que varen ser molt bones. En acabar, torn\u00e0rem a agafar el bus cap a Borriol a dinar amb les fam\u00edlies. Alguns varen tenir el plaer de tastar l\u2019arr\u00f2s al forn. Bon\u00edssim!<\/span><\/p>\n<p align=\"justify\"><span style=\"font-family: Verdana, serif\">L\u2019horabaixa va ser m\u00e9s tranquil, perqu\u00e8 ens donaren una mica de temps lliure. Hi ha d\u2019haver temps per aprendre i temps per fer amics: converses, rialles, futbol, sopar i un llarg etc\u00e8tera que no es pot contar. Ens arregl\u00e0rem per anar a sopar al Castell, una pizzeria molt bona, i fer una volta per Borriol i a casa a dormir d\u2019hora, que l&#8217;endem\u00e0 ten\u00edem programada excursi\u00f3 de senderisme.<\/span><\/p>\n<p align=\"justify\"><span style=\"font-family: Verdana, serif\"><b>DISSABTE, 5 D\u2019ABRIL. EL CALVARI<\/b><\/span><\/p>\n<p align=\"justify\"><span style=\"font-family: Verdana, serif\">El tercer dia alguns alumnes de l\u2019intercanvi tenien un partit de futbol i els v\u00e0rem anar a veure al camp de Borriol, juntament amb les seves fam\u00edlies, que ens havien convidat a berenar al forn i v\u00e0rem tenir l\u2019oportunitat de tastar l\u2019orxata. Despr\u00e9s, ens dirig\u00edrem a la pla\u00e7a de la font, on hav\u00edem quedat amb les mestres per anar d\u2019excursi\u00f3 al Calvari. I ho va ser un bon calvari, perqu\u00e8 hi havia una bona pujada i feia molta calor, per\u00f2 va valer la pena, ja que les vistes eren guap\u00edssimes i hi havia un cor on ens v\u00e0rem fer una foto. <\/span><\/p>\n<p align=\"justify\"><span style=\"font-family: Verdana, serif\">A les 14:00, v\u00e0rem fer un dinar de germanor tots junts, amb les professores i els alumnes, a una zona recreativa de pa amb oli amb formatge, pernil dol\u00e7 i una sobrassada de garrova que ens varen dir que era t\u00edpica de Borriol, per\u00f2 no ens ho acabam de creure\u2026<\/span><\/p>\n<div id=\"attachment_503\" style=\"width: 310px\" class=\"wp-caption aligncenter\"><img decoding=\"async\" aria-describedby=\"caption-attachment-503\" class=\"size-medium wp-image-503\" src=\"https:\/\/www.iesdamiahuguet.net\/test\/wp-content\/uploads\/sites\/8\/2025\/05\/DIA-3_-CALVARI-I-CASTELLO-300x225.jpeg\" alt=\"\" width=\"300\" height=\"225\" srcset=\"https:\/\/www.iesdamiahuguet.net\/test\/wp-content\/uploads\/sites\/8\/2025\/05\/DIA-3_-CALVARI-I-CASTELLO-200x150.jpeg 200w, https:\/\/www.iesdamiahuguet.net\/test\/wp-content\/uploads\/sites\/8\/2025\/05\/DIA-3_-CALVARI-I-CASTELLO-300x225.jpeg 300w, https:\/\/www.iesdamiahuguet.net\/test\/wp-content\/uploads\/sites\/8\/2025\/05\/DIA-3_-CALVARI-I-CASTELLO-400x300.jpeg 400w, https:\/\/www.iesdamiahuguet.net\/test\/wp-content\/uploads\/sites\/8\/2025\/05\/DIA-3_-CALVARI-I-CASTELLO-600x450.jpeg 600w, https:\/\/www.iesdamiahuguet.net\/test\/wp-content\/uploads\/sites\/8\/2025\/05\/DIA-3_-CALVARI-I-CASTELLO-768x576.jpeg 768w, https:\/\/www.iesdamiahuguet.net\/test\/wp-content\/uploads\/sites\/8\/2025\/05\/DIA-3_-CALVARI-I-CASTELLO-800x600.jpeg 800w, https:\/\/www.iesdamiahuguet.net\/test\/wp-content\/uploads\/sites\/8\/2025\/05\/DIA-3_-CALVARI-I-CASTELLO-1024x768.jpeg 1024w, https:\/\/www.iesdamiahuguet.net\/test\/wp-content\/uploads\/sites\/8\/2025\/05\/DIA-3_-CALVARI-I-CASTELLO-1200x900.jpeg 1200w, https:\/\/www.iesdamiahuguet.net\/test\/wp-content\/uploads\/sites\/8\/2025\/05\/DIA-3_-CALVARI-I-CASTELLO-1536x1152.jpeg 1536w\" sizes=\"(max-width: 300px) 100vw, 300px\" \/><p id=\"caption-attachment-503\" class=\"wp-caption-text\">Dia 3. Calvari i Castell\u00f3<\/p><\/div>\n<p align=\"justify\"><span style=\"font-family: Verdana, serif\">En haver dinat, v\u00e0rem agafar el bus per anar a Castell\u00f3 i en Jordi, el professor de Borriol, ens va fer una ruta pel Cente, tot i que ja est\u00e0vem molt cansades i no ten\u00edem gaire escoltera. Va ser molt m\u00e9s divertit despr\u00e9s, quan tots v\u00e0rem anar a una fira que hi havia a Castell\u00f3 (molt semblant a la fira del Ram).<\/span><\/p>\n<div id=\"attachment_504\" style=\"width: 179px\" class=\"wp-caption aligncenter\"><img decoding=\"async\" aria-describedby=\"caption-attachment-504\" class=\"size-medium wp-image-504\" src=\"https:\/\/www.iesdamiahuguet.net\/test\/wp-content\/uploads\/sites\/8\/2025\/05\/Dia-3-169x300.jpg\" alt=\"\" width=\"169\" height=\"300\" srcset=\"https:\/\/www.iesdamiahuguet.net\/test\/wp-content\/uploads\/sites\/8\/2025\/05\/Dia-3-169x300.jpg 169w, https:\/\/www.iesdamiahuguet.net\/test\/wp-content\/uploads\/sites\/8\/2025\/05\/Dia-3-200x356.jpg 200w, https:\/\/www.iesdamiahuguet.net\/test\/wp-content\/uploads\/sites\/8\/2025\/05\/Dia-3-400x711.jpg 400w, https:\/\/www.iesdamiahuguet.net\/test\/wp-content\/uploads\/sites\/8\/2025\/05\/Dia-3-576x1024.jpg 576w, https:\/\/www.iesdamiahuguet.net\/test\/wp-content\/uploads\/sites\/8\/2025\/05\/Dia-3-600x1067.jpg 600w, https:\/\/www.iesdamiahuguet.net\/test\/wp-content\/uploads\/sites\/8\/2025\/05\/Dia-3-768x1365.jpg 768w, https:\/\/www.iesdamiahuguet.net\/test\/wp-content\/uploads\/sites\/8\/2025\/05\/Dia-3-800x1422.jpg 800w, https:\/\/www.iesdamiahuguet.net\/test\/wp-content\/uploads\/sites\/8\/2025\/05\/Dia-3-864x1536.jpg 864w, https:\/\/www.iesdamiahuguet.net\/test\/wp-content\/uploads\/sites\/8\/2025\/05\/Dia-3.jpg 900w\" sizes=\"(max-width: 169px) 100vw, 169px\" \/><p id=\"caption-attachment-504\" class=\"wp-caption-text\">Dia 3. Vista.<\/p><\/div>\n<p align=\"justify\"><span style=\"font-family: Verdana, serif\"><b>DIUMENGE, 6 D\u2019ABRIL. DIA LLIURE<\/b><\/span><\/p>\n<p align=\"justify\"><span style=\"font-family: Verdana, serif\">\u00c9s pen\u00faltim dia era el dia lliure i quasi totes les fam\u00edlies ens v\u00e0rem ajuntar per fer plans junts. Primer v\u00e0rem anar a un poble anomenat Vilafam\u00e9s, a uns 15 m de Borriol. Vilafam\u00e9s va ser molt bonic de veure. V\u00e0rem fer un poc de ruta per all\u00e0 i un parell de fotos a la cadira m\u00e9s gegant que he vist mai en la vida, on ens enfil\u00e0rem tots plegats. Tamb\u00e9 v\u00e0rem pujar al castell. Despr\u00e9s de la passejada i de xerrar i xafardejar amb els borriolencs sobre tot el que havia passat durant aquells dies, ens convidaren a la foravila d\u2019un d\u2019ells (\u2018mas\u2019 o \u2018maset\u2019, en diuen) a dinar d\u2019una paella valenciana bon\u00edssima i ben diferent de la mallorquina. Aix\u00ed i tot, podr\u00edem dir que v\u00e0rem jugar m\u00e9s que menjar. Va ser un dia fant\u00e0stic. Les fam\u00edlies varen ser encantadores, no nom\u00e9s per la paella i la seva amabilitat, sin\u00f3 que tamb\u00e9 ens regalaren una cartera amb els nostres noms i darrere posava \u201cIES BORRIOL <\/span><span style=\"font-family: Verdana, serif\"><i>nom de la parella <\/i><\/span><span style=\"font-family: Verdana, serif\">2025\u201d.<\/span><\/p>\n<div id=\"attachment_505\" style=\"width: 310px\" class=\"wp-caption aligncenter\"><img decoding=\"async\" aria-describedby=\"caption-attachment-505\" class=\"size-medium wp-image-505\" src=\"https:\/\/www.iesdamiahuguet.net\/test\/wp-content\/uploads\/sites\/8\/2025\/05\/Dia-4-Cadira-300x225.jpg\" alt=\"\" width=\"300\" height=\"225\" srcset=\"https:\/\/www.iesdamiahuguet.net\/test\/wp-content\/uploads\/sites\/8\/2025\/05\/Dia-4-Cadira-200x150.jpg 200w, https:\/\/www.iesdamiahuguet.net\/test\/wp-content\/uploads\/sites\/8\/2025\/05\/Dia-4-Cadira-300x225.jpg 300w, https:\/\/www.iesdamiahuguet.net\/test\/wp-content\/uploads\/sites\/8\/2025\/05\/Dia-4-Cadira-400x300.jpg 400w, https:\/\/www.iesdamiahuguet.net\/test\/wp-content\/uploads\/sites\/8\/2025\/05\/Dia-4-Cadira-600x450.jpg 600w, https:\/\/www.iesdamiahuguet.net\/test\/wp-content\/uploads\/sites\/8\/2025\/05\/Dia-4-Cadira-768x576.jpg 768w, https:\/\/www.iesdamiahuguet.net\/test\/wp-content\/uploads\/sites\/8\/2025\/05\/Dia-4-Cadira-800x600.jpg 800w, https:\/\/www.iesdamiahuguet.net\/test\/wp-content\/uploads\/sites\/8\/2025\/05\/Dia-4-Cadira-1024x768.jpg 1024w, https:\/\/www.iesdamiahuguet.net\/test\/wp-content\/uploads\/sites\/8\/2025\/05\/Dia-4-Cadira-1200x900.jpg 1200w, https:\/\/www.iesdamiahuguet.net\/test\/wp-content\/uploads\/sites\/8\/2025\/05\/Dia-4-Cadira-1536x1152.jpg 1536w, https:\/\/www.iesdamiahuguet.net\/test\/wp-content\/uploads\/sites\/8\/2025\/05\/Dia-4-Cadira.jpg 1600w\" sizes=\"(max-width: 300px) 100vw, 300px\" \/><p id=\"caption-attachment-505\" class=\"wp-caption-text\">Dia 4. Cadira<\/p><\/div>\n<p align=\"justify\"><span style=\"font-family: Verdana, serif\">En haver dinat i descansat, v\u00e0rem partir tots cap al Toll de Borr\u00fas i, despr\u00e9s, uns se&#8217;n varen anar a ca seva i altres tenien entrades per veure el \u201cVillareal\u201d. M\u00e9s tard, v\u00e0ren sortir una altra vegada pel poble, perqu\u00e8 hav\u00edem d\u2019aprofitar la darrera nit que \u00e9rem all\u00e0. Va ser genial, per\u00f2 aix\u00f2 s&#8217;acabava i vol\u00edem gaudir fins al darrer minut. En arribar a casa, v\u00e0rem preparar la maleta, que l\u2019endem\u00e0 ja part\u00edem cap a casa&#8230; Volia quedar&#8230;<\/span><\/p>\n<div id=\"attachment_506\" style=\"width: 235px\" class=\"wp-caption aligncenter\"><img decoding=\"async\" aria-describedby=\"caption-attachment-506\" class=\"size-medium wp-image-506\" src=\"https:\/\/www.iesdamiahuguet.net\/test\/wp-content\/uploads\/sites\/8\/2025\/05\/Dia-4-Dinar-225x300.jpg\" alt=\"\" width=\"225\" height=\"300\" srcset=\"https:\/\/www.iesdamiahuguet.net\/test\/wp-content\/uploads\/sites\/8\/2025\/05\/Dia-4-Dinar-200x267.jpg 200w, https:\/\/www.iesdamiahuguet.net\/test\/wp-content\/uploads\/sites\/8\/2025\/05\/Dia-4-Dinar-225x300.jpg 225w, https:\/\/www.iesdamiahuguet.net\/test\/wp-content\/uploads\/sites\/8\/2025\/05\/Dia-4-Dinar.jpg 240w\" sizes=\"(max-width: 225px) 100vw, 225px\" \/><p id=\"caption-attachment-506\" class=\"wp-caption-text\">Dia 4. Dinar<\/p><\/div>\n<p align=\"justify\"><span style=\"font-family: Verdana, serif\"><b>DILLUNS, 7 D\u2019ABRIL. VISITA GUIADA A VAL\u00c8NCIA I COMIAT<\/b><\/span><\/p>\n<p align=\"justify\"><span style=\"font-family: Verdana, serif\">Ja \u00e9s el darrer dia! Quin dia m\u00e9s trist\u2026 Ja s\u2019acabava tota la m\u00e0gia que hav\u00edem viscut tots aquests dies i sab\u00edem que despr\u00e9s vendria la nost\u00e0lgia. Ens v\u00e0rem acomiadar de les fam\u00edlies i v\u00e0rem partir cap l\u2019institut, d\u2019on agaf\u00e0rem el bus per anar cap a Val\u00e8ncia. A la ciutat, el professor Jordi ens va fer una ruta guiada i ens va explicar totes les coses importants sobre la Val\u00e8ncia antiga. Havia arribat l\u2019hora d\u2019acomiadar-nos de veres. Crec que si no v\u00e0rem plorar va ser perqu\u00e8 encara no ho hav\u00edem assimilat. En haver dinat, v\u00e0rem anar amb el metro cap a l&#8217;aeroport per tornar a casa.<\/span><\/p>\n<p align=\"justify\"><span style=\"font-family: Verdana, serif\"><b>AGRA\u00cfMENTS<\/b><\/span><\/p>\n<p align=\"justify\"><span style=\"font-family: Verdana, serif\">En resum, ens ha flipat aquest viatge: ha estat genial i ens hem divertit molt\u00edssim. Sense cap dubte, el tornaria a fer, ja que l\u2019experi\u00e8ncia ha estat molt agradable i enriquidora. Hem apr\u00e8s moltes coses i ens hem avingut molt amb les nostres parelles i amb les fam\u00edlies. Ha estat una experi\u00e8ncia que tornaria a repetir tots els anys.<\/span><\/p>\n<p align=\"justify\"><span style=\"font-family: Verdana, serif\">Moltes gr\u00e0cies a les professores per deixar-nos participar en aquest viatge! <\/span><\/p>\n<p align=\"justify\"><span style=\"font-family: Verdana, serif\">Ha estat un gust con\u00e8ixer-vos: Asier, Carla, Alan, Neus, Arturo, Patri,<\/span><\/p>\n<p align=\"justify\"><span style=\"font-family: Verdana, serif\">Diego, Miquel, Nico i Marc. Us enyorar\u00e9 molt.<\/span><\/p>\n<p align=\"justify\"><span style=\"font-family: Verdana, serif\">Dia 5 acabat&#8230; ????????????????<\/span><\/p>\n<div id=\"attachment_507\" style=\"width: 235px\" class=\"wp-caption aligncenter\"><img decoding=\"async\" aria-describedby=\"caption-attachment-507\" class=\"size-medium wp-image-507\" src=\"https:\/\/www.iesdamiahuguet.net\/test\/wp-content\/uploads\/sites\/8\/2025\/05\/DIA-5_-ULTIM-DIA-225x300.jpeg\" alt=\"\" width=\"225\" height=\"300\" srcset=\"https:\/\/www.iesdamiahuguet.net\/test\/wp-content\/uploads\/sites\/8\/2025\/05\/DIA-5_-ULTIM-DIA-200x267.jpeg 200w, https:\/\/www.iesdamiahuguet.net\/test\/wp-content\/uploads\/sites\/8\/2025\/05\/DIA-5_-ULTIM-DIA-225x300.jpeg 225w, https:\/\/www.iesdamiahuguet.net\/test\/wp-content\/uploads\/sites\/8\/2025\/05\/DIA-5_-ULTIM-DIA-400x533.jpeg 400w, https:\/\/www.iesdamiahuguet.net\/test\/wp-content\/uploads\/sites\/8\/2025\/05\/DIA-5_-ULTIM-DIA-600x800.jpeg 600w, https:\/\/www.iesdamiahuguet.net\/test\/wp-content\/uploads\/sites\/8\/2025\/05\/DIA-5_-ULTIM-DIA-768x1024.jpeg 768w, https:\/\/www.iesdamiahuguet.net\/test\/wp-content\/uploads\/sites\/8\/2025\/05\/DIA-5_-ULTIM-DIA-800x1067.jpeg 800w, https:\/\/www.iesdamiahuguet.net\/test\/wp-content\/uploads\/sites\/8\/2025\/05\/DIA-5_-ULTIM-DIA-1152x1536.jpeg 1152w, https:\/\/www.iesdamiahuguet.net\/test\/wp-content\/uploads\/sites\/8\/2025\/05\/DIA-5_-ULTIM-DIA-1200x1600.jpeg 1200w, https:\/\/www.iesdamiahuguet.net\/test\/wp-content\/uploads\/sites\/8\/2025\/05\/DIA-5_-ULTIM-DIA.jpeg 1530w\" sizes=\"(max-width: 225px) 100vw, 225px\" \/><p id=\"caption-attachment-507\" class=\"wp-caption-text\">Dia 5. Darrer dia<\/p><\/div>\n<p style=\"text-align: right\" align=\"left\"><span style=\"font-family: Verdana, serif\">Carolina Cruz Fern\u00e1ndez, Aina Lladonet Bisquerra i N\u00faria Taberner Pita, 3r ESO<\/span><\/p>\n","protected":false},"excerpt":{"rendered":"<p>DIJOUS, 3 D\u2019ABRIL. L\u2019ARRIBADA El primer dia hi havia molts  [&#8230;]<\/p>\n","protected":false},"author":9,"featured_media":501,"comment_status":"open","ping_status":"open","sticky":false,"template":"","format":"standard","meta":{"_jetpack_memberships_contains_paid_content":false,"footnotes":""},"categories":[19],"tags":[64,66,62,63,65],"class_list":["post-500","post","type-post","status-publish","format-standard","has-post-thumbnail","hentry","category-comissions","tag-borriol","tag-castello","tag-intercanvi","tag-parlam-catala","tag-valencia"],"jetpack_featured_media_url":"https:\/\/www.iesdamiahuguet.net\/test\/wp-content\/uploads\/sites\/8\/2025\/05\/Comiat-scaled.jpg","jetpack_sharing_enabled":true,"_links":{"self":[{"href":"https:\/\/www.iesdamiahuguet.net\/test\/wp-json\/wp\/v2\/posts\/500","targetHints":{"allow":["GET"]}}],"collection":[{"href":"https:\/\/www.iesdamiahuguet.net\/test\/wp-json\/wp\/v2\/posts"}],"about":[{"href":"https:\/\/www.iesdamiahuguet.net\/test\/wp-json\/wp\/v2\/types\/post"}],"author":[{"embeddable":true,"href":"https:\/\/www.iesdamiahuguet.net\/test\/wp-json\/wp\/v2\/users\/9"}],"replies":[{"embeddable":true,"href":"https:\/\/www.iesdamiahuguet.net\/test\/wp-json\/wp\/v2\/comments?post=500"}],"version-history":[{"count":3,"href":"https:\/\/www.iesdamiahuguet.net\/test\/wp-json\/wp\/v2\/posts\/500\/revisions"}],"predecessor-version":[{"id":510,"href":"https:\/\/www.iesdamiahuguet.net\/test\/wp-json\/wp\/v2\/posts\/500\/revisions\/510"}],"wp:featuredmedia":[{"embeddable":true,"href":"https:\/\/www.iesdamiahuguet.net\/test\/wp-json\/wp\/v2\/media\/501"}],"wp:attachment":[{"href":"https:\/\/www.iesdamiahuguet.net\/test\/wp-json\/wp\/v2\/media?parent=500"}],"wp:term":[{"taxonomy":"category","embeddable":true,"href":"https:\/\/www.iesdamiahuguet.net\/test\/wp-json\/wp\/v2\/categories?post=500"},{"taxonomy":"post_tag","embeddable":true,"href":"https:\/\/www.iesdamiahuguet.net\/test\/wp-json\/wp\/v2\/tags?post=500"}],"curies":[{"name":"wp","href":"https:\/\/api.w.org\/{rel}","templated":true}]}}