{"id":496,"date":"2025-05-21T11:53:20","date_gmt":"2025-05-21T09:53:20","guid":{"rendered":"https:\/\/www.iesdamiahuguet.net\/test\/?p=496"},"modified":"2025-05-21T11:53:20","modified_gmt":"2025-05-21T09:53:20","slug":"entrevista-a-merce-garcia-conserge","status":"publish","type":"post","link":"https:\/\/www.iesdamiahuguet.net\/test\/2025\/05\/21\/entrevista-a-merce-garcia-conserge\/","title":{"rendered":"Entrevista a Merc\u00e8 Garc\u00eda, conserge"},"content":{"rendered":"<p><span style=\"font-weight: 400\">Despr\u00e9s de molts anys fent feina amb nosaltres, abans de Nadal na Merc\u00e8 Garcia va deixar el seu lloc a consergeria per incorporar-se a una nova destinaci\u00f3.\u00a0<\/span><\/p>\n<p>&nbsp;<\/p>\n<p><b>Merc\u00e8 , ens pots explicar una mica qui ets?\u00a0<\/b><\/p>\n<p>&nbsp;<\/p>\n<p><span style=\"font-weight: 400\">Vaig n\u00e9ixer a Eivissa, per\u00f2 he viscut a Felanitx, on tamb\u00e9 vaig anar a l\u2019escola. Les meves primeres feines varen estar relacionades amb el turisme. Tinc dos fills, na Marta i en Biel. Visc a fora vila. Les coses que m\u00e9s m\u2019agrada fer s\u00f3n estar a ca nostra amb la meva fam\u00edlia, els meus animals i les meves plantes, llegir un llibre, anar a passejar per la platja i la muntanya, i compartir un bon dinar o un sopar amb els amics i la fam\u00edlia.<\/span><\/p>\n<p>&nbsp;<\/p>\n<p><b>Quan vares arribar a l\u2019IES?<\/b><\/p>\n<p><span style=\"font-weight: 400\">L\u2019any 2018<\/span><\/p>\n<p>&nbsp;<\/p>\n<p><b>Quines tasques fa un conserge? Quines aptituds s\u2019han de tenir?<\/b><\/p>\n<p><span style=\"font-weight: 400\">La feina de conserge \u00e9s obrir i tancar el centre, contestar el tel\u00e8fon, fer fotoc\u00f2pies, atendre les persones que necessiten informaci\u00f3 i dirigir-les on pertoqui. Aquestes i altres feines m\u00e9s burocr\u00e0tiques i impersonals formen part del dia a dia. Ara b\u00e9, com que a mi m\u2019agrada molt la meva feina, m\u2019ho pas molt b\u00e9 xerrant i ajudant tothom. L\u2019aptitud m\u00e9s important que has de tenir com a conserge \u00e9s ser emp\u00e0tic i saber escoltar; si no, no pots donar un bon servei a la gent.<\/span><\/p>\n<p>&nbsp;<\/p>\n<p><b>Ben segur que deus tenir alguna an\u00e8dota divertida\u2026<\/b><\/p>\n<p><span style=\"font-weight: 400\">A consergeria vius molts moments, tant divertits com no. El conserge \u00e9s la primera persona que at\u00e9n la gent que ve al centre a demanar informaci\u00f3 o una soluci\u00f3 al seu problema. I si estan enfadats, si han tengut un mal dia o et criden, tu has d\u2019intentar gestionar el problema de la millor manera possible. No sempre \u00e9s f\u00e0cil.<\/span><\/p>\n<p><span style=\"font-weight: 400\">Tamb\u00e9 hi ha moments molt commovedors. Va venir un padr\u00ed molt nervi\u00f3s que demanava pel seu net, que no sortia. Estava molt preocupat. La cosa era que el net encara anava a prim\u00e0ria: s\u2019havia equivocat de centre. Tamb\u00e9 va passar una vegada que vaig confondre un professor amb un alumne. Cada dia s\u00f3n m\u00e9s joves\u2026 haur\u00e9 de canviar d\u2019ulleres!<\/span><\/p>\n<p>&nbsp;<\/p>\n<p><b>Com ha estat la relaci\u00f3 amb el personal docent i no docent? Es dif\u00edcil tenir contacte amb tanta gent ?<\/b><\/p>\n<p><span style=\"font-weight: 400\">He de dir que no m\u2019ha resultat gens dif\u00edcil ni problem\u00e0tic. He tractat amb molta gent, i tothom m\u2019ho ha posat molt f\u00e0cil: tant l\u2019equip directiu, com els professors, com el personal no docent. Sempre m\u2019han tractat molt b\u00e9, i els alumnes tamb\u00e9. Sempre hi pot haver qualque cas discordant, com tot, per\u00f2 el 99% ha estat perfecte.<\/span><\/p>\n<p>&nbsp;<\/p>\n<p><b>Per quin motiu te n\u2019ha anat del nostre centre? On fas feina actualment?<\/b><\/p>\n<p><span style=\"font-weight: 400\">Estava ocupant una pla\u00e7a com a interina que no tenia titular, i va sortir en el concurs de trasllat. Actualment estic a l\u2019IES Sineu<\/span><\/p>\n<p>&nbsp;<\/p>\n<p><b>Quins records t\u2019enduus del Dami\u00e0 Huguet?<\/b><\/p>\n<p><span style=\"font-weight: 400\">Arribar al mat\u00ed i xerrar un poc amb na Llu\u00efsa; fer el primer caf\u00e8 al bar amb els m\u00e9s matiners de sempre; que un cap d\u2019estudis et demani si dus les esportives que tindr\u00e0s molta feina aquell demat\u00ed; que la teva cap, quan et vegi arribar, et digui: \u201cMerc\u00e8, no me remuguis\u201d; que un professor t\u2019expliqui les darreres receptes d\u2019un cuiner fam\u00f3s, i que li agrada molt que li expliquis els teus problemes personals, i tu tamb\u00e9 li puguis xerrar en confian\u00e7a\u2026<\/span><\/p>\n<p><span style=\"font-weight: 400\">I que un demat\u00ed vengui en Montserrat i et digui que vagis a la sala de professors, que t\u00e9 un conflicte amb en Ventura, no s\u00e9 qu\u00e8 d\u2019unes fotoc\u00f2pies que li fa la contr\u00e0ria\u2026 Rar amb en Montserrat. I entres a la sala de professors, i hi ha tothom en silenci, mirant-te. Et quedes aturada, no entens qu\u00e8 passa, i llavors ho entens. No pots xerrar, et falta l\u2019aire, el teu cor comen\u00e7a a bategar molt fort, i et poses a plorar. No pots aturar-te. Tothom \u00e9s all\u00e0 per tu, per acomiadar-se i per desitjar-te molta sort en el futur. I jo pens: gr\u00e0cies a tots per tots aquests bons moments que he passat a l\u2019IES Dami\u00e0 Huguet<\/span><\/p>\n<p>&nbsp;<\/p>\n","protected":false},"excerpt":{"rendered":"<p>Despr\u00e9s de molts anys fent feina amb nosaltres, abans de  [&#8230;]<\/p>\n","protected":false},"author":9,"featured_media":497,"comment_status":"open","ping_status":"open","sticky":false,"template":"","format":"standard","meta":{"_jetpack_memberships_contains_paid_content":false,"footnotes":""},"categories":[38],"tags":[59,60,61],"class_list":["post-496","post","type-post","status-publish","format-standard","has-post-thumbnail","hentry","category-entrevista","tag-conserge","tag-consergeria","tag-trasllat"],"jetpack_featured_media_url":"https:\/\/www.iesdamiahuguet.net\/test\/wp-content\/uploads\/sites\/8\/2025\/05\/Na-Merce-amb-els-seus-estimats-cans.png","jetpack_sharing_enabled":true,"_links":{"self":[{"href":"https:\/\/www.iesdamiahuguet.net\/test\/wp-json\/wp\/v2\/posts\/496","targetHints":{"allow":["GET"]}}],"collection":[{"href":"https:\/\/www.iesdamiahuguet.net\/test\/wp-json\/wp\/v2\/posts"}],"about":[{"href":"https:\/\/www.iesdamiahuguet.net\/test\/wp-json\/wp\/v2\/types\/post"}],"author":[{"embeddable":true,"href":"https:\/\/www.iesdamiahuguet.net\/test\/wp-json\/wp\/v2\/users\/9"}],"replies":[{"embeddable":true,"href":"https:\/\/www.iesdamiahuguet.net\/test\/wp-json\/wp\/v2\/comments?post=496"}],"version-history":[{"count":1,"href":"https:\/\/www.iesdamiahuguet.net\/test\/wp-json\/wp\/v2\/posts\/496\/revisions"}],"predecessor-version":[{"id":498,"href":"https:\/\/www.iesdamiahuguet.net\/test\/wp-json\/wp\/v2\/posts\/496\/revisions\/498"}],"wp:featuredmedia":[{"embeddable":true,"href":"https:\/\/www.iesdamiahuguet.net\/test\/wp-json\/wp\/v2\/media\/497"}],"wp:attachment":[{"href":"https:\/\/www.iesdamiahuguet.net\/test\/wp-json\/wp\/v2\/media?parent=496"}],"wp:term":[{"taxonomy":"category","embeddable":true,"href":"https:\/\/www.iesdamiahuguet.net\/test\/wp-json\/wp\/v2\/categories?post=496"},{"taxonomy":"post_tag","embeddable":true,"href":"https:\/\/www.iesdamiahuguet.net\/test\/wp-json\/wp\/v2\/tags?post=496"}],"curies":[{"name":"wp","href":"https:\/\/api.w.org\/{rel}","templated":true}]}}