{"id":493,"date":"2025-05-21T11:40:41","date_gmt":"2025-05-21T09:40:41","guid":{"rendered":"https:\/\/www.iesdamiahuguet.net\/test\/?p=493"},"modified":"2025-05-21T11:40:41","modified_gmt":"2025-05-21T09:40:41","slug":"activitats-del-departament-dalemany-al-llarg-del-curs","status":"publish","type":"post","link":"https:\/\/www.iesdamiahuguet.net\/test\/2025\/05\/21\/activitats-del-departament-dalemany-al-llarg-del-curs\/","title":{"rendered":"Activitats del Departament d\u2019Alemany al llarg del curs"},"content":{"rendered":"<p align=\"justify\">Des del Departament d\u2019Alemany hem organitzat diferents activitats al llarg del curs amb el nostre alumnat. No nom\u00e9s fem activitats de llengua i cultura a l\u2019aula ?<\/p>\n<p align=\"justify\">Per Nadal vam cuinar alguns dol\u00e7os t\u00edpics de la temporada i els vam tastar, volem agrair a Marga de la cafeteria deixar-nos usar el forn!<\/p>\n<p align=\"justify\">Tamb\u00e9 vam fer per Pasqua un concurs de dibuixos d\u2019ous de Pasqua, a banda de practicar tamb\u00e9 la divertida activitat de cercar ous menuts de colors amagats pel pati.<\/p>\n<p align=\"justify\">Tamb\u00e9 v\u00e0rem organitzar unes gimcanes acompanyades d\u2019activitats relacionades amb l\u2019assignatura. Una va ser per Palma i des del Departament de Lleng\u00fces Estrangeres tamb\u00e9 en vam organitzar una altra per Campos amb els m\u00e9s menuts. Tamb\u00e9 hi ha alumnat que ha anat a la Col\u00f2nia de Sant Jordi per fer entrevistes en alemany.<\/p>\n<p style=\"text-align: right\" align=\"justify\">Departament d\u2019Alemany<\/p>\n","protected":false},"excerpt":{"rendered":"<p>Des del Departament d\u2019Alemany hem organitzat diferents activitats al llarg  [&#8230;]<\/p>\n","protected":false},"author":9,"featured_media":494,"comment_status":"open","ping_status":"open","sticky":false,"template":"","format":"standard","meta":{"_jetpack_memberships_contains_paid_content":false,"footnotes":""},"categories":[41],"tags":[58],"class_list":["post-493","post","type-post","status-publish","format-standard","has-post-thumbnail","hentry","category-activitats","tag-alemany"],"jetpack_featured_media_url":"https:\/\/www.iesdamiahuguet.net\/test\/wp-content\/uploads\/sites\/8\/2025\/05\/Cuina-de-dolcos-de-Nadal-amb-el-grup-de-2n-de-Batxillerat-scaled.jpg","jetpack_sharing_enabled":true,"_links":{"self":[{"href":"https:\/\/www.iesdamiahuguet.net\/test\/wp-json\/wp\/v2\/posts\/493","targetHints":{"allow":["GET"]}}],"collection":[{"href":"https:\/\/www.iesdamiahuguet.net\/test\/wp-json\/wp\/v2\/posts"}],"about":[{"href":"https:\/\/www.iesdamiahuguet.net\/test\/wp-json\/wp\/v2\/types\/post"}],"author":[{"embeddable":true,"href":"https:\/\/www.iesdamiahuguet.net\/test\/wp-json\/wp\/v2\/users\/9"}],"replies":[{"embeddable":true,"href":"https:\/\/www.iesdamiahuguet.net\/test\/wp-json\/wp\/v2\/comments?post=493"}],"version-history":[{"count":1,"href":"https:\/\/www.iesdamiahuguet.net\/test\/wp-json\/wp\/v2\/posts\/493\/revisions"}],"predecessor-version":[{"id":495,"href":"https:\/\/www.iesdamiahuguet.net\/test\/wp-json\/wp\/v2\/posts\/493\/revisions\/495"}],"wp:featuredmedia":[{"embeddable":true,"href":"https:\/\/www.iesdamiahuguet.net\/test\/wp-json\/wp\/v2\/media\/494"}],"wp:attachment":[{"href":"https:\/\/www.iesdamiahuguet.net\/test\/wp-json\/wp\/v2\/media?parent=493"}],"wp:term":[{"taxonomy":"category","embeddable":true,"href":"https:\/\/www.iesdamiahuguet.net\/test\/wp-json\/wp\/v2\/categories?post=493"},{"taxonomy":"post_tag","embeddable":true,"href":"https:\/\/www.iesdamiahuguet.net\/test\/wp-json\/wp\/v2\/tags?post=493"}],"curies":[{"name":"wp","href":"https:\/\/api.w.org\/{rel}","templated":true}]}}