{"id":483,"date":"2025-05-19T08:31:56","date_gmt":"2025-05-19T06:31:56","guid":{"rendered":"https:\/\/www.iesdamiahuguet.net\/test\/?p=483"},"modified":"2025-05-28T12:25:48","modified_gmt":"2025-05-28T10:25:48","slug":"el-47-la-pellicula-de-lany","status":"publish","type":"post","link":"https:\/\/www.iesdamiahuguet.net\/test\/2025\/05\/19\/el-47-la-pellicula-de-lany\/","title":{"rendered":"El 47, la pel\u00b7l\u00edcula de l&#8217;any"},"content":{"rendered":"<p align=\"left\"><span style=\"font-family: Verdana, serif;\"><b>PEL\u00b7L\u00cdCULA<\/b><\/span><span style=\"font-family: Verdana, serif;\">: El 47<\/span><\/p>\n<p align=\"left\"><span style=\"font-family: Verdana, serif;\"><b>ANY D\u2019ESTRENA<\/b><\/span><span style=\"font-family: Verdana, serif;\">: 2024<\/span><\/p>\n<p align=\"left\"><span style=\"font-family: Verdana, serif;\"><b>LLENGUA<\/b><\/span><span style=\"font-family: Verdana, serif;\">: Catal\u00e0<\/span><\/p>\n<p align=\"left\"><span style=\"font-family: Verdana, serif;\"><b>DIRECCI\u00d3<\/b><\/span><span style=\"font-family: Verdana, serif;\">: Marcel Barrena<\/span><\/p>\n<p align=\"left\"><span style=\"font-family: Verdana, serif;\"><b>GUI\u00d3<\/b><\/span><span style=\"font-family: Verdana, serif;\">: Marcel Barrena i Alberto Marini<\/span><\/p>\n<p align=\"left\"><span style=\"font-family: Verdana, serif;\"><b>G\u00c8NERE<\/b><\/span><span style=\"font-family: Verdana, serif;\">: Drama<\/span><\/p>\n<p align=\"justify\"><span style=\"font-family: Verdana, serif;\"><i><b>El 47<\/b><\/i><\/span><span style=\"font-family: Verdana, serif;\"> \u00e9s una pel\u00b7l\u00edcula que sorpr\u00e8n i emociona molt des d\u2019un principi. Ambientada a la Barcelona de finals dels anys setanta, just despr\u00e9s de la mort de Franco, narra la hist\u00f2ria dels habitants de Torre Bar\u00f3, un barri que varen construir ells mateixos amb les seves pr\u00f2pies mans durant la postguerra, situat damunt una muntanya. Joana \u00e9s professora. Manolo \u00e9s conductor de la l\u00ednia 47 de l\u2019autob\u00fas. Junts desafien les normes per lluitar pels drets i la dignitat dels ve\u00efns del barri. <\/span><\/p>\n<p align=\"justify\"><span style=\"font-family: Verdana, serif;\">El dia a dia de la gent d\u2019aquest barri \u00e9s insostenible: hores sense corrent o aigua calenta, carrers fora asfaltar\u2026 Ni tan sols tenen cap mercat on anar a comprar el menjar, sin\u00f3 que han d\u2019anar a cercar els queviures al centre, a molts de quil\u00f2metres de dist\u00e0ncia. I no nom\u00e9s aix\u00f2: hi han d\u2019anar a peu, perqu\u00e8 no hi ha cap mitj\u00e0 de transport p\u00fablic que accedeixi a Torre Bar\u00f3. Manolo est\u00e0 encaparrat que el bus 47 ha de pujar al seu barri per tal que la gent que hi viu pugui despla\u00e7ar-se c\u00f2modament com tots els altres ciutadans de Barcelona, cosa que l\u2019Ajuntament no permet per mor de les seves costes i, a m\u00e9s a m\u00e9s, \u00e9s un barri molt poc conegut pels ciutadans de Barcelona. Joana, amb una vocaci\u00f3 mai vista, lluita dia rere dia perqu\u00e8 els infants, joves i no tan joves del barri aprenguin a llegir i a escriure. <\/span><\/p>\n<p align=\"justify\"><span style=\"font-family: Verdana, serif;\"><i>El 47 <\/i><\/span><span style=\"font-family: Verdana, serif;\">\u00e9s molt m\u00e9s que una pel\u00b7l\u00edcula sobre una l\u00ednia d\u2019autob\u00fas. Mostra un acte de desacord pac\u00edfic contra la injust\u00edcia, el moviment ve\u00efnal, la lluita de la classe treballadora pels seus drets en un context marcat per les conseq\u00fc\u00e8ncies d\u2019una guerra i de quaranta anys de dictadura. \u00c9s una lli\u00e7\u00f3 sobre la import\u00e0ncia de dialogar, de mantenir-se units i de com un grup de persones pot canviar el curs d\u2019una hist\u00f2ria.<\/span><\/p>\n<p align=\"justify\"><span style=\"font-family: Verdana, serif;\">Personalment, la pel\u00b7l\u00edcula em va agradar molt, i tamb\u00e9 em va agradar el lloc on la v\u00e0rem anar a veure, perqu\u00e8 ens va ajudar a entendre el context en qu\u00e8 es desenvolupa la hist\u00f2ria. Amb l\u2019assignatura Literatura Universal, v\u00e0rem anar a veure <\/span><span style=\"font-family: Verdana, serif;\"><i>El 47<\/i><\/span><span style=\"font-family: Verdana, serif;\"> a la Sala Augusta, que antigament, durant la Guerra Civil Espanyola, es va utilitzar com a pres\u00f3 on molts pol\u00edtics varen ser represaliats i afusellats, segons ens varen explicar alguns membres de l\u2019Associaci\u00f3 Mem\u00f2ria de Mallorca. <\/span><\/p>\n<p align=\"justify\"><span style=\"font-family: Verdana, serif;\">En definitiva, consider que \u00e9s una producci\u00f3 molt guapa sobre la lluita per aconseguir els drets que ens pertoquen a tots, pel suport que es fan entre tota la comunitat, i sobretot, per aquesta manera de lluitar. Aix\u00f2 demostra que, si tots ens mantenim junts, podem aconseguir qualsevol cosa.<\/span><\/p>\n<p style=\"text-align: right;\" align=\"left\"><span style=\"font-family: Verdana, serif;\">Maria Barcel\u00f3 Orell i Margalida Mas Ballester, alumnes de 1r de Batxillerat.<\/span><\/p>\n<p>Literatura Universal<\/p>\n","protected":false},"excerpt":{"rendered":"<p>PEL\u00b7L\u00cdCULA: El 47 ANY D\u2019ESTRENA: 2024 LLENGUA: Catal\u00e0 DIRECCI\u00d3: Marcel  [&#8230;]<\/p>\n","protected":false},"author":9,"featured_media":544,"comment_status":"open","ping_status":"open","sticky":false,"template":"","format":"standard","meta":{"_jetpack_memberships_contains_paid_content":false,"footnotes":""},"categories":[31],"tags":[53,52,54],"class_list":["post-483","post","type-post","status-publish","format-standard","has-post-thumbnail","hentry","category-opinio","tag-batillerat","tag-cinema","tag-el-47"],"jetpack_featured_media_url":"https:\/\/www.iesdamiahuguet.net\/test\/wp-content\/uploads\/sites\/8\/2025\/05\/el47.png","jetpack_sharing_enabled":true,"_links":{"self":[{"href":"https:\/\/www.iesdamiahuguet.net\/test\/wp-json\/wp\/v2\/posts\/483","targetHints":{"allow":["GET"]}}],"collection":[{"href":"https:\/\/www.iesdamiahuguet.net\/test\/wp-json\/wp\/v2\/posts"}],"about":[{"href":"https:\/\/www.iesdamiahuguet.net\/test\/wp-json\/wp\/v2\/types\/post"}],"author":[{"embeddable":true,"href":"https:\/\/www.iesdamiahuguet.net\/test\/wp-json\/wp\/v2\/users\/9"}],"replies":[{"embeddable":true,"href":"https:\/\/www.iesdamiahuguet.net\/test\/wp-json\/wp\/v2\/comments?post=483"}],"version-history":[{"count":3,"href":"https:\/\/www.iesdamiahuguet.net\/test\/wp-json\/wp\/v2\/posts\/483\/revisions"}],"predecessor-version":[{"id":543,"href":"https:\/\/www.iesdamiahuguet.net\/test\/wp-json\/wp\/v2\/posts\/483\/revisions\/543"}],"wp:featuredmedia":[{"embeddable":true,"href":"https:\/\/www.iesdamiahuguet.net\/test\/wp-json\/wp\/v2\/media\/544"}],"wp:attachment":[{"href":"https:\/\/www.iesdamiahuguet.net\/test\/wp-json\/wp\/v2\/media?parent=483"}],"wp:term":[{"taxonomy":"category","embeddable":true,"href":"https:\/\/www.iesdamiahuguet.net\/test\/wp-json\/wp\/v2\/categories?post=483"},{"taxonomy":"post_tag","embeddable":true,"href":"https:\/\/www.iesdamiahuguet.net\/test\/wp-json\/wp\/v2\/tags?post=483"}],"curies":[{"name":"wp","href":"https:\/\/api.w.org\/{rel}","templated":true}]}}