{"id":474,"date":"2025-05-15T08:49:09","date_gmt":"2025-05-15T06:49:09","guid":{"rendered":"https:\/\/www.iesdamiahuguet.net\/test\/?p=474"},"modified":"2025-05-15T08:49:09","modified_gmt":"2025-05-15T06:49:09","slug":"viatge-destudis-de-4t-deso-a-cantabria","status":"publish","type":"post","link":"https:\/\/www.iesdamiahuguet.net\/test\/2025\/05\/15\/viatge-destudis-de-4t-deso-a-cantabria\/","title":{"rendered":"Viatge d&#8217;estudis de 4t d&#8217;ESO a Cant\u00e0bria"},"content":{"rendered":"<p align=\"left\">Dia 24 de mar\u00e7, ben prest, v\u00e0rem comen\u00e7ar el nostre esperat viatge d\u2019estudis. V\u00e0rem volar a Bilbao, i d\u2019all\u00e0 v\u00e0rem agafar un autocar per anar al parc natural de Cab\u00e1rceno, a Cant\u00e0bria. Hi v\u00e0rem estar gaireb\u00e9 tot el dia i v\u00e0rem veure molts animals: lleons, goril\u00b7les, ossos, etc. L\u2019horabaixa v\u00e0rem acabar de visitar el parc amb un bus perqu\u00e8 plovia. Despr\u00e9s v\u00e0rem anar a un centre comercial i finalment v\u00e0rem arribar a l\u2019hotel a Suances. Ens v\u00e0rem instal\u00b7lar a les habitacions i v\u00e0rem baixar a sopar. El vespre n\u2019hi va haver que varen fer trull.<\/p>\n<p align=\"left\">L\u2019endem\u00e0, ens v\u00e0rem dividir en dos grups per fer dues activitats diferents: r\u00e0fting al riu Deva i espeleologia a la cova La Buenita. Ens ho v\u00e0rem passar molt b\u00e9, tot i que v\u00e0rem passar un poc de fred. En haver dinat v\u00e0rem anar a Santillana del Mar, i v\u00e0rem tenir temps lliure per visitar aquest poble medieval. El vespre v\u00e0rem anar a sopar a l\u2019hotel i a descansar, tot i que tamb\u00e9 n\u2019hi va haver que varen dormir poc.<\/p>\n<div id=\"attachment_475\" style=\"width: 310px\" class=\"wp-caption aligncenter\"><img decoding=\"async\" aria-describedby=\"caption-attachment-475\" class=\"size-medium wp-image-475\" src=\"https:\/\/www.iesdamiahuguet.net\/test\/wp-content\/uploads\/sites\/8\/2025\/05\/Una-part-del-grup-a-punt-per-fer-espeleologia-300x225.jpg\" alt=\"\" width=\"300\" height=\"225\" srcset=\"https:\/\/www.iesdamiahuguet.net\/test\/wp-content\/uploads\/sites\/8\/2025\/05\/Una-part-del-grup-a-punt-per-fer-espeleologia-200x150.jpg 200w, https:\/\/www.iesdamiahuguet.net\/test\/wp-content\/uploads\/sites\/8\/2025\/05\/Una-part-del-grup-a-punt-per-fer-espeleologia-300x225.jpg 300w, https:\/\/www.iesdamiahuguet.net\/test\/wp-content\/uploads\/sites\/8\/2025\/05\/Una-part-del-grup-a-punt-per-fer-espeleologia-400x300.jpg 400w, https:\/\/www.iesdamiahuguet.net\/test\/wp-content\/uploads\/sites\/8\/2025\/05\/Una-part-del-grup-a-punt-per-fer-espeleologia-600x450.jpg 600w, https:\/\/www.iesdamiahuguet.net\/test\/wp-content\/uploads\/sites\/8\/2025\/05\/Una-part-del-grup-a-punt-per-fer-espeleologia-768x576.jpg 768w, https:\/\/www.iesdamiahuguet.net\/test\/wp-content\/uploads\/sites\/8\/2025\/05\/Una-part-del-grup-a-punt-per-fer-espeleologia-800x600.jpg 800w, https:\/\/www.iesdamiahuguet.net\/test\/wp-content\/uploads\/sites\/8\/2025\/05\/Una-part-del-grup-a-punt-per-fer-espeleologia-1024x768.jpg 1024w, https:\/\/www.iesdamiahuguet.net\/test\/wp-content\/uploads\/sites\/8\/2025\/05\/Una-part-del-grup-a-punt-per-fer-espeleologia-1200x900.jpg 1200w, https:\/\/www.iesdamiahuguet.net\/test\/wp-content\/uploads\/sites\/8\/2025\/05\/Una-part-del-grup-a-punt-per-fer-espeleologia-1536x1152.jpg 1536w, https:\/\/www.iesdamiahuguet.net\/test\/wp-content\/uploads\/sites\/8\/2025\/05\/Una-part-del-grup-a-punt-per-fer-espeleologia.jpg 1600w\" sizes=\"(max-width: 300px) 100vw, 300px\" \/><p id=\"caption-attachment-475\" class=\"wp-caption-text\">Una part del grup, a punt per fer espeleologia<\/p><\/div>\n<p align=\"left\">El tercer dia ens v\u00e0rem tornar a dividir en dos grups per fer l\u2019activitat que no hav\u00edem realitzat el dia anterior: o b\u00e9 r\u00e0fting o b\u00e9 espeleologia. L\u2019horabaixa v\u00e0rem anar a la neocova d\u2019Altamira, que en general no ens va agradar gaire. Despr\u00e9s v\u00e0rem visitar Comillas, i ens varen donar l\u2019opci\u00f3 d\u2019entrar al Caprici de Gaud\u00ed o b\u00e9 tenir temps lliure, i molts alumnes varen preferir voltar pel poble o anar al camp d\u2019esports. En arribar a l\u2019hotel ens varen donar l\u2019opci\u00f3 d\u2019anar a passejar per Suances. Com que era el darrer vespre, s\u00ed que molts alumnes no varen dormir gens, ja que varen voltar tot el vespre pels passadissos de l\u2019hotel i varen tocar a la porta de les habitacions dels altres alumnes.<\/p>\n<p align=\"left\">El darrer dia v\u00e0rem anar a Santander, on v\u00e0rem fer una visita guiada pel centre. En haver dinat v\u00e0rem partir cap a Bilbao i v\u00e0rem tornar a tenir temps lliure: alguns varen anar a l\u2019estadi de San Mam\u00e9s, i d\u2019altres varen fer una volta pel centre. Aix\u00ed acabava el nostre viatge, ja que v\u00e0rem agafar un vol cap a Mallorca a les 21:00.<\/p>\n<p align=\"left\">Volem donar les gr\u00e0cies als professors que ens varen acompanyar: Maria Vicens, Rafel Sunyer, Joan Roig, Esther Grimalt i Margalida Adrover.<\/p>\n<p align=\"left\">Estam molt contents d\u2019haver pogut gaudir d\u2019un viatge d\u2019estudis, ja que nosaltres no n\u2019hav\u00edem pogut fer en acabar 6\u00e8 de prim\u00e0ria perqu\u00e8 hi havia la pand\u00e8mia.<\/p>\n<p style=\"text-align: right\" align=\"left\">Alumnes de 4t d\u2019ESO D<\/p>\n","protected":false},"excerpt":{"rendered":"<p>Dia 24 de mar\u00e7, ben prest, v\u00e0rem comen\u00e7ar el nostre  [&#8230;]<\/p>\n","protected":false},"author":9,"featured_media":476,"comment_status":"open","ping_status":"open","sticky":false,"template":"","format":"standard","meta":{"_jetpack_memberships_contains_paid_content":false,"footnotes":""},"categories":[41],"tags":[27,51,50,49],"class_list":["post-474","post","type-post","status-publish","format-standard","has-post-thumbnail","hentry","category-activitats","tag-4t-deso","tag-bilbao","tag-cantabria","tag-viatge-destudis"],"jetpack_featured_media_url":"https:\/\/www.iesdamiahuguet.net\/test\/wp-content\/uploads\/sites\/8\/2025\/05\/Tot-el-grup-a-Bilbao-e1747291644124.jpg","jetpack_sharing_enabled":true,"_links":{"self":[{"href":"https:\/\/www.iesdamiahuguet.net\/test\/wp-json\/wp\/v2\/posts\/474","targetHints":{"allow":["GET"]}}],"collection":[{"href":"https:\/\/www.iesdamiahuguet.net\/test\/wp-json\/wp\/v2\/posts"}],"about":[{"href":"https:\/\/www.iesdamiahuguet.net\/test\/wp-json\/wp\/v2\/types\/post"}],"author":[{"embeddable":true,"href":"https:\/\/www.iesdamiahuguet.net\/test\/wp-json\/wp\/v2\/users\/9"}],"replies":[{"embeddable":true,"href":"https:\/\/www.iesdamiahuguet.net\/test\/wp-json\/wp\/v2\/comments?post=474"}],"version-history":[{"count":3,"href":"https:\/\/www.iesdamiahuguet.net\/test\/wp-json\/wp\/v2\/posts\/474\/revisions"}],"predecessor-version":[{"id":479,"href":"https:\/\/www.iesdamiahuguet.net\/test\/wp-json\/wp\/v2\/posts\/474\/revisions\/479"}],"wp:featuredmedia":[{"embeddable":true,"href":"https:\/\/www.iesdamiahuguet.net\/test\/wp-json\/wp\/v2\/media\/476"}],"wp:attachment":[{"href":"https:\/\/www.iesdamiahuguet.net\/test\/wp-json\/wp\/v2\/media?parent=474"}],"wp:term":[{"taxonomy":"category","embeddable":true,"href":"https:\/\/www.iesdamiahuguet.net\/test\/wp-json\/wp\/v2\/categories?post=474"},{"taxonomy":"post_tag","embeddable":true,"href":"https:\/\/www.iesdamiahuguet.net\/test\/wp-json\/wp\/v2\/tags?post=474"}],"curies":[{"name":"wp","href":"https:\/\/api.w.org\/{rel}","templated":true}]}}