{"id":471,"date":"2025-05-15T08:29:54","date_gmt":"2025-05-15T06:29:54","guid":{"rendered":"https:\/\/www.iesdamiahuguet.net\/test\/?p=471"},"modified":"2025-05-15T08:29:54","modified_gmt":"2025-05-15T06:29:54","slug":"bunyolada-per-tots-sants","status":"publish","type":"post","link":"https:\/\/www.iesdamiahuguet.net\/test\/2025\/05\/15\/bunyolada-per-tots-sants\/","title":{"rendered":"Bunyolada per Tots Sants"},"content":{"rendered":"<p align=\"left\">El darrer dia d\u2019octubre v\u00e0rem tornar a fer una bunyolada per Tots Sants, com ja \u00e9s tradici\u00f3 al nostre centre. Algunes professors voluntaris varen preparar un past\u00f3 a casa, i ben prest al mat\u00ed v\u00e0rem acabar de fer la pasta, sota la batuta de na Margalida Burguera, exprofessora de m\u00fasica que cada any es posa al capdavant de l\u2019equip que prepara els bunyols.<\/p>\n<p align=\"left\">Abans del primer pati els alumnes varen sortir en ordre per fer un tast d\u2019aquest dol\u00e7 tan t\u00edpic, mentre alguns dels nostres estudiants tocaven el flabiol i el tambor\u00ed. Quan tothom va ser al pati hi va haver una ballada popular amb l\u2019agrupaci\u00f3 campanera Brot de taperera. V\u00e0rem fer unes bones rotllanes i v\u00e0rem ballar jotes, boleros i fandangos, i v\u00e0rem acabar amb la bullanguera.<\/p>\n<p align=\"left\">Aquest dia donam a con\u00e8ixer aquestes tradicions nostrades tant als alumnes que han nascut aqu\u00ed com als que venen d\u2019altres llocs del m\u00f3n.<\/p>\n<p align=\"left\">Volem agrair la feina de tots els professors que varen ajudar a fer bunyols, als alumnes que varen amenitzar la festa i als integrants de Brot de taperera.<\/p>\n<p style=\"text-align: right\" align=\"left\">CNL<\/p>\n","protected":false},"excerpt":{"rendered":"<p>El darrer dia d\u2019octubre v\u00e0rem tornar a fer una bunyolada  [&#8230;]<\/p>\n","protected":false},"author":9,"featured_media":472,"comment_status":"open","ping_status":"open","sticky":false,"template":"","format":"standard","meta":{"_jetpack_memberships_contains_paid_content":false,"footnotes":""},"categories":[19],"tags":[46,47,48],"class_list":["post-471","post","type-post","status-publish","format-standard","has-post-thumbnail","hentry","category-comissions","tag-bunyolada","tag-tots-sants","tag-tradicions"],"jetpack_featured_media_url":"https:\/\/www.iesdamiahuguet.net\/test\/wp-content\/uploads\/sites\/8\/2025\/05\/Foto-bunyolada.jpg","jetpack_sharing_enabled":true,"_links":{"self":[{"href":"https:\/\/www.iesdamiahuguet.net\/test\/wp-json\/wp\/v2\/posts\/471","targetHints":{"allow":["GET"]}}],"collection":[{"href":"https:\/\/www.iesdamiahuguet.net\/test\/wp-json\/wp\/v2\/posts"}],"about":[{"href":"https:\/\/www.iesdamiahuguet.net\/test\/wp-json\/wp\/v2\/types\/post"}],"author":[{"embeddable":true,"href":"https:\/\/www.iesdamiahuguet.net\/test\/wp-json\/wp\/v2\/users\/9"}],"replies":[{"embeddable":true,"href":"https:\/\/www.iesdamiahuguet.net\/test\/wp-json\/wp\/v2\/comments?post=471"}],"version-history":[{"count":1,"href":"https:\/\/www.iesdamiahuguet.net\/test\/wp-json\/wp\/v2\/posts\/471\/revisions"}],"predecessor-version":[{"id":473,"href":"https:\/\/www.iesdamiahuguet.net\/test\/wp-json\/wp\/v2\/posts\/471\/revisions\/473"}],"wp:featuredmedia":[{"embeddable":true,"href":"https:\/\/www.iesdamiahuguet.net\/test\/wp-json\/wp\/v2\/media\/472"}],"wp:attachment":[{"href":"https:\/\/www.iesdamiahuguet.net\/test\/wp-json\/wp\/v2\/media?parent=471"}],"wp:term":[{"taxonomy":"category","embeddable":true,"href":"https:\/\/www.iesdamiahuguet.net\/test\/wp-json\/wp\/v2\/categories?post=471"},{"taxonomy":"post_tag","embeddable":true,"href":"https:\/\/www.iesdamiahuguet.net\/test\/wp-json\/wp\/v2\/tags?post=471"}],"curies":[{"name":"wp","href":"https:\/\/api.w.org\/{rel}","templated":true}]}}