{"id":411,"date":"2025-04-02T11:56:20","date_gmt":"2025-04-02T09:56:20","guid":{"rendered":"https:\/\/www.iesdamiahuguet.net\/test\/?p=411"},"modified":"2025-04-02T11:56:20","modified_gmt":"2025-04-02T09:56:20","slug":"conclusions","status":"publish","type":"post","link":"https:\/\/www.iesdamiahuguet.net\/test\/2025\/04\/02\/conclusions\/","title":{"rendered":"Conclusions"},"content":{"rendered":"<p><span style=\"font-weight: 400\">M\u2019he adonat que la meva padrina va viure una vida plena d&#8217;injust\u00edcies i de modes absurdes. La meva padrina anava a escola nom\u00e9s 3 hores al dia, de les 8:00 fins a les 11:00. Abans d\u2019anar a escola, anava a munyir les ovelles i, despr\u00e9s de l\u2019escola,\u00a0 havia d&#8217;anar a xapar albercocs i a guardar les ovelles. M\u00e9s tard, anava a ajudar la seva mare amb el dinar, feia les tasques de la casa i, finalment, feia el sopar.<\/span><\/p>\n<p><span style=\"font-weight: 400\">Estava totalment prohibit xerrar catal\u00e0 a l\u2019escola, \u00e9s a dir, ella no sap escriure en catal\u00e0 i nom\u00e9s el sap llegir un poc.<\/span><\/p>\n<p><span style=\"font-weight: 400\">I si us n\u2019adoneu, estam seguint els passos d\u2019aquella \u00e8poca, ara volen llevar el catal\u00e0 de l\u2019escola, per qu\u00e8? Perqu\u00e8 tota\u00a0 hist\u00f2ria es repeteix. Abans les dones no ten\u00edem drets i ara VOX, qu\u00e8 vol fer? Exacte, vol llevar-nos els drets simplement per ser dones.<\/span><\/p>\n<p><span style=\"font-weight: 400\">\u00a0I despr\u00e9s, qu\u00e8 passar\u00e0? Qu\u00e8 necessiteu per entendre que no hem de repetir la hist\u00f2ria? Us agradaria tornar a tenir un Hitler, un Franco o un Mussolini un altre cop?<\/span><\/p>\n<p><span style=\"font-weight: 400\">No va bastar tot el sofriment que v\u00e0rem tenir? N\u2019hem de tenir m\u00e9s? Per exemple, a l&#8217;Argentina ara hi ha un president que nom Javier Milei, que ha llevat el feminicidi al Codi Penal. Tamb\u00e9 vol eliminar l\u2019agenda 2030,\u00a0 un objectiu de la qual \u00e9s la igualtat de les dones i els homes. Aix\u00f2 \u00e9s el que voleu? Voleu seguir aix\u00ed?<\/span><\/p>\n<p>&nbsp;<\/p>\n<p style=\"text-align: right\"><strong>Margalida Bover Roig, 1r d\u2019ESO C<\/strong><\/p>\n<p><br style=\"font-weight: 400\" \/><br style=\"font-weight: 400\" \/><\/p>\n","protected":false},"excerpt":{"rendered":"<p>M\u2019he adonat que la meva padrina va viure una vida  [&#8230;]<\/p>\n","protected":false},"author":9,"featured_media":0,"comment_status":"open","ping_status":"open","sticky":false,"template":"","format":"standard","meta":{"_jetpack_memberships_contains_paid_content":false,"footnotes":""},"categories":[31],"tags":[40],"class_list":["post-411","post","type-post","status-publish","format-standard","hentry","category-opinio","tag-1r-deso"],"jetpack_featured_media_url":"","jetpack_sharing_enabled":true,"_links":{"self":[{"href":"https:\/\/www.iesdamiahuguet.net\/test\/wp-json\/wp\/v2\/posts\/411","targetHints":{"allow":["GET"]}}],"collection":[{"href":"https:\/\/www.iesdamiahuguet.net\/test\/wp-json\/wp\/v2\/posts"}],"about":[{"href":"https:\/\/www.iesdamiahuguet.net\/test\/wp-json\/wp\/v2\/types\/post"}],"author":[{"embeddable":true,"href":"https:\/\/www.iesdamiahuguet.net\/test\/wp-json\/wp\/v2\/users\/9"}],"replies":[{"embeddable":true,"href":"https:\/\/www.iesdamiahuguet.net\/test\/wp-json\/wp\/v2\/comments?post=411"}],"version-history":[{"count":1,"href":"https:\/\/www.iesdamiahuguet.net\/test\/wp-json\/wp\/v2\/posts\/411\/revisions"}],"predecessor-version":[{"id":412,"href":"https:\/\/www.iesdamiahuguet.net\/test\/wp-json\/wp\/v2\/posts\/411\/revisions\/412"}],"wp:attachment":[{"href":"https:\/\/www.iesdamiahuguet.net\/test\/wp-json\/wp\/v2\/media?parent=411"}],"wp:term":[{"taxonomy":"category","embeddable":true,"href":"https:\/\/www.iesdamiahuguet.net\/test\/wp-json\/wp\/v2\/categories?post=411"},{"taxonomy":"post_tag","embeddable":true,"href":"https:\/\/www.iesdamiahuguet.net\/test\/wp-json\/wp\/v2\/tags?post=411"}],"curies":[{"name":"wp","href":"https:\/\/api.w.org\/{rel}","templated":true}]}}