{"id":401,"date":"2025-04-02T11:45:21","date_gmt":"2025-04-02T09:45:21","guid":{"rendered":"https:\/\/www.iesdamiahuguet.net\/test\/?p=401"},"modified":"2025-04-02T11:57:06","modified_gmt":"2025-04-02T09:57:06","slug":"questionari-proust-de-maria-monserrat-adrover","status":"publish","type":"post","link":"https:\/\/www.iesdamiahuguet.net\/test\/2025\/04\/02\/questionari-proust-de-maria-monserrat-adrover\/","title":{"rendered":"Q\u00fcestionari Proust de Maria Monserrat Adrover"},"content":{"rendered":"<p><b>Quina caracter\u00edstica destacaries de la teva manera de ser?\u00a0<\/b><\/p>\n<p><span style=\"font-weight: 400\">El meus primers anys de feina a Campos, me varen definir com una persona perseverant.\u00a0<\/span><\/p>\n<p><span style=\"font-weight: 400\">Bastants d\u2019anys despr\u00e9s, una altra professora em va dir que era una persona amb molta ironia i\u00a0 un puntet de sarcasme. <\/span><\/p>\n<p><b><br \/>\n<\/b><b>Quina qualitat prefereixes en una persona?\u00a0<\/b><\/p>\n<p><span style=\"font-weight: 400\">Toler\u00e0ncia, per exemple.<\/span><\/p>\n<p><b><br \/>\n<\/b><b>Qu\u00e8 valores m\u00e9s dels amics?\u00a0<\/b><\/p>\n<p><span style=\"font-weight: 400\">El temps per compartir de manera incondicional.<\/span><\/p>\n<p><b><br \/>\n<\/b><b>Quin \u00e9s el teu defecte principal?\u00a0<\/b><\/p>\n<p><span style=\"font-weight: 400\">Que no som una moixa i no tenc 7 vides, per fer tot el que m\u2019agradaria.<\/span><\/p>\n<p><b><br \/>\n<\/b><b>En qu\u00e8 prefereixes passar el temps?\u00a0<\/b><\/p>\n<p><span style=\"font-weight: 400\">Fent qualsevol cosa que m\u2019agradi. Ja fa temps que no faig res per comprom\u00eds, i per obligaci\u00f3, el m\u00ednim. <\/span><\/p>\n<p><b><br \/>\n<\/b><b>Quina seria la teva pitjor desgr\u00e0cia?<\/b><\/p>\n<p><span style=\"font-weight: 400\">Veure patir alg\u00fa que estim.<\/span><\/p>\n<p><b><br \/>\n<\/b><b>Si no fossis professora, qu\u00e8 voldries ser?\u00a0<\/b><\/p>\n<p><span style=\"font-weight: 400\">Una feina sedent\u00e0ria no la podria fer.\u00a0<\/span><\/p>\n<p><span style=\"font-weight: 400\">M\u2019agraden les feines actives, i si pot ser, que ajudin els altres. Massatgista a can Bar\u00e7a podria ser una bona opci\u00f3.<\/span><\/p>\n<p><b><br \/>\n<\/b><b>Quins dons naturals t\u2019agradaria tenir?\u00a0<\/b><\/p>\n<p><span style=\"font-weight: 400\">M\u2019agradaria molt haver tengut molta facilitat per aprendre idiomes, el poc que s\u00e9, m\u2019ha costat molt\u00edssim.<\/span><\/p>\n<p><b>On voldries viure?\u00a0<\/b><\/p>\n<p><span style=\"font-weight: 400\">On visc, no ho canviaria per res. Em consider una privilegiada en aquest sentit.<\/span><\/p>\n<p><b>Quin color prefereixes?\u00a0<\/b><\/p>\n<p><span style=\"font-weight: 400\">Lila, perqu\u00e8 representa.<\/span><\/p>\n<p><b><br \/>\n<\/b><b>Quina flor prefereixes?<\/b><span style=\"font-weight: 400\">\u00a0<\/span><\/p>\n<p><span style=\"font-weight: 400\">La que fa refer\u00e8ncia a trobar-se \u00aben la flor de la vida\u00bb, i no t\u00e9 res a veure amb l\u2019edat.<\/span><\/p>\n<p><b><br \/>\n<\/b><b>Quin ocell prefereixes?\u00a0<\/b><\/p>\n<p><span style=\"font-weight: 400\">El &#8220;correcamins&#8221; em cau bastant simp\u00e0tic.\u00a0<\/span><\/p>\n<p><img decoding=\"async\" class=\"aligncenter size-medium wp-image-402\" src=\"https:\/\/www.iesdamiahuguet.net\/test\/wp-content\/uploads\/sites\/8\/2025\/04\/Tsingy-parc-nacional-MADAGASCAR-225x300.jpg\" alt=\"\" width=\"225\" height=\"300\" srcset=\"https:\/\/www.iesdamiahuguet.net\/test\/wp-content\/uploads\/sites\/8\/2025\/04\/Tsingy-parc-nacional-MADAGASCAR-200x267.jpg 200w, https:\/\/www.iesdamiahuguet.net\/test\/wp-content\/uploads\/sites\/8\/2025\/04\/Tsingy-parc-nacional-MADAGASCAR-225x300.jpg 225w, https:\/\/www.iesdamiahuguet.net\/test\/wp-content\/uploads\/sites\/8\/2025\/04\/Tsingy-parc-nacional-MADAGASCAR-400x533.jpg 400w, https:\/\/www.iesdamiahuguet.net\/test\/wp-content\/uploads\/sites\/8\/2025\/04\/Tsingy-parc-nacional-MADAGASCAR-600x800.jpg 600w, https:\/\/www.iesdamiahuguet.net\/test\/wp-content\/uploads\/sites\/8\/2025\/04\/Tsingy-parc-nacional-MADAGASCAR-768x1024.jpg 768w, https:\/\/www.iesdamiahuguet.net\/test\/wp-content\/uploads\/sites\/8\/2025\/04\/Tsingy-parc-nacional-MADAGASCAR-800x1067.jpg 800w, https:\/\/www.iesdamiahuguet.net\/test\/wp-content\/uploads\/sites\/8\/2025\/04\/Tsingy-parc-nacional-MADAGASCAR.jpg 1080w\" sizes=\"(max-width: 225px) 100vw, 225px\" \/><\/p>\n<p><b>Quin nom (de noi i de noia) prefereixes?\u00a0<\/b><\/p>\n<p><span style=\"font-weight: 400\">Joan i Neus.<\/span><\/p>\n<p><b><br \/>\n<\/b><b>Quin \u00e9s el teu autor preferit?\u00a0<\/b><\/p>\n<p><span style=\"font-weight: 400\">Aina Adrover i Oliver.<\/span><\/p>\n<p><b><br \/>\n<\/b><b>Quin \u00e9s el teu m\u00fasic preferit?\u00a0<\/b><\/p>\n<p><span style=\"font-weight: 400\">Freddie Mercury.<\/span><\/p>\n<p><b>Quin \u00e9s el teu artista (pintor&#8230;) preferit?\u00a0<\/b><\/p>\n<p><span style=\"font-weight: 400\">L\u2019art que m\u00e9s m\u2019atreu \u00e9s el circ i la m\u00e0gia.<\/span><\/p>\n<p><span style=\"font-weight: 400\">Em qued en qualsevol artista del \u00abCirc del sol\u00bb, per exemple.<\/span><\/p>\n<p><b><br \/>\n<\/b><b>Quin \u00e9s el teu heroi\/hero\u00efna de ficci\u00f3 preferit?\u00a0<\/b><\/p>\n<p><span style=\"font-weight: 400\">Mafalda<\/span><\/p>\n<p><b>Quin personatge hist\u00f2ric valores m\u00e9s?\u00a0<\/b><\/p>\n<p><span style=\"font-weight: 400\">Frida Kahlo<\/span><\/p>\n<p><b><br \/>\n<\/b><b>Qu\u00e8 detestes per sobre de tot?\u00a0<\/b><\/p>\n<p><span style=\"font-weight: 400\">La prepot\u00e8ncia, la sup\u00e8rbia i la injust\u00edcia.<\/span><\/p>\n<p><b>Com t\u2019agradaria morir?\u00a0<\/b><\/p>\n<p><span style=\"font-weight: 400\">Tenint la sensaci\u00f3 que he aprofitat b\u00e9 el regal de la vida, sense gaire coses pendents de fer o de dir.\u00a0<\/span><\/p>\n<p><b>Quin \u00e9s el teu lema?<\/b><\/p>\n<p><span style=\"font-weight: 400\">Nom\u00e9s hi ha dues coses que podem perdre: el temps i la vida.<\/span><\/p>\n<p><span style=\"font-weight: 400\">La segona \u00e9s inevitable, la primera imperdonable.<\/span><\/p>\n<p><span style=\"font-weight: 400\">Ara hi som; dem\u00e0, no ho s\u00e9.<\/span><\/p>\n<p><br style=\"font-weight: 400\" \/><br style=\"font-weight: 400\" \/><\/p>\n","protected":false},"excerpt":{"rendered":"<p>Quina caracter\u00edstica destacaries de la teva manera de ser?\u00a0 El  [&#8230;]<\/p>\n","protected":false},"author":9,"featured_media":403,"comment_status":"open","ping_status":"open","sticky":false,"template":"","format":"standard","meta":{"_jetpack_memberships_contains_paid_content":false,"footnotes":""},"categories":[38],"tags":[35,33,34],"class_list":["post-401","post","type-post","status-publish","format-standard","has-post-thumbnail","hentry","category-entrevista","tag-entrevista","tag-professora","tag-questionari"],"jetpack_featured_media_url":"https:\/\/www.iesdamiahuguet.net\/test\/wp-content\/uploads\/sites\/8\/2025\/04\/desert-del-sahara-TUNISIA-scaled.jpg","jetpack_sharing_enabled":true,"_links":{"self":[{"href":"https:\/\/www.iesdamiahuguet.net\/test\/wp-json\/wp\/v2\/posts\/401","targetHints":{"allow":["GET"]}}],"collection":[{"href":"https:\/\/www.iesdamiahuguet.net\/test\/wp-json\/wp\/v2\/posts"}],"about":[{"href":"https:\/\/www.iesdamiahuguet.net\/test\/wp-json\/wp\/v2\/types\/post"}],"author":[{"embeddable":true,"href":"https:\/\/www.iesdamiahuguet.net\/test\/wp-json\/wp\/v2\/users\/9"}],"replies":[{"embeddable":true,"href":"https:\/\/www.iesdamiahuguet.net\/test\/wp-json\/wp\/v2\/comments?post=401"}],"version-history":[{"count":3,"href":"https:\/\/www.iesdamiahuguet.net\/test\/wp-json\/wp\/v2\/posts\/401\/revisions"}],"predecessor-version":[{"id":406,"href":"https:\/\/www.iesdamiahuguet.net\/test\/wp-json\/wp\/v2\/posts\/401\/revisions\/406"}],"wp:featuredmedia":[{"embeddable":true,"href":"https:\/\/www.iesdamiahuguet.net\/test\/wp-json\/wp\/v2\/media\/403"}],"wp:attachment":[{"href":"https:\/\/www.iesdamiahuguet.net\/test\/wp-json\/wp\/v2\/media?parent=401"}],"wp:term":[{"taxonomy":"category","embeddable":true,"href":"https:\/\/www.iesdamiahuguet.net\/test\/wp-json\/wp\/v2\/categories?post=401"},{"taxonomy":"post_tag","embeddable":true,"href":"https:\/\/www.iesdamiahuguet.net\/test\/wp-json\/wp\/v2\/tags?post=401"}],"curies":[{"name":"wp","href":"https:\/\/api.w.org\/{rel}","templated":true}]}}