{"id":320,"date":"2025-04-02T11:51:30","date_gmt":"2025-04-02T09:51:30","guid":{"rendered":"https:\/\/www.iesdamiahuguet.net\/test\/?p=320"},"modified":"2025-04-02T11:52:03","modified_gmt":"2025-04-02T09:52:03","slug":"la-meva-festa-preferida-sant-bartomeu","status":"publish","type":"post","link":"https:\/\/www.iesdamiahuguet.net\/test\/2025\/04\/02\/la-meva-festa-preferida-sant-bartomeu\/","title":{"rendered":"La meva festa preferida: Sant Bartomeu"},"content":{"rendered":"<p align=\"justify\"><span style=\"font-family: Average, serif\"><span style=\"font-size: medium\">La festa de Sant Bartomeu \u00e9s una festa patronal del poble de ses Salines que comen\u00e7a normalment despr\u00e9s de la Mare de D\u00e9u d&#8217;Agost. <\/span><\/span><\/p>\n<p align=\"justify\"><span style=\"font-family: Average, serif\"><span style=\"font-size: medium\">A ses Salines, aquest patr\u00f3 contribueix amb diferents actes que s\u00f3n importants per al poble, com l\u2019espigolada i la recollida de joies, que la duu a terme la Colla de dimonis Maria Enganxa, la colla del poble i, a part, hi trobem la festa dels cavalls que ser\u00e0 la que comentarem.<\/span><\/span><\/p>\n<p align=\"justify\"><span style=\"font-family: Average, serif\"><span style=\"font-size: medium\">Aquestes celebracions que es fan durant Sant Bartomeu s\u00f3n bastant importants per al poble, ja que a part dels estrangers que venen a veure-les, hi ha molta gent de la vila que en gaudeix. <\/span><\/span><\/p>\n<p align=\"justify\"><span style=\"font-family: Average, serif\"><span style=\"font-size: medium\">Tamb\u00e9 justifica que les festes s\u00f3n crucials, ja que molts de joves viuen la festivitat des de ben petits, i per aix\u00f2 ha fet que siguin estimades per tot el poble; a part, la gent s\u2019emociona i s\u2019alegra per les festes que es fan un pic a l\u2019any. A m\u00e9s a m\u00e9s, es veu una gran import\u00e0ncia de tots els saliners i el que fan que sigui possible celebrar Sant Bartomeu. La primera festa dels cavalls es va fer els mateixos dies que les festes de Sant Joan, 23 i 24 de juny, per\u00f2 un any despr\u00e9s es va fixar com a data el darrer dissabte d\u2019agost, despr\u00e9s del patr\u00f3 del poble.<\/span><\/span><\/p>\n<p align=\"justify\"><span style=\"font-family: Average, serif\"><span style=\"font-size: medium\">La festa comen\u00e7a amb la penjada de bandera a la casa del Majoral, just una setmana abans de la festa. Els personatges m\u00e9s importants de la colcada son: <\/span><\/span><\/p>\n<ul>\n<li>\n<p align=\"justify\"><span style=\"font-family: Average, serif\"><span style=\"font-size: medium\">Flabioler: El flabioler \u00e9s el qui comen\u00e7a la festa, ell demana perm\u00eds a la batlia per comen\u00e7ar l\u2019arreplec de caixers i caixeres i es posiciona en primer lloc.<\/span><\/span><\/p>\n<\/li>\n<\/ul>\n<ul>\n<li>\n<p align=\"justify\"><span style=\"font-family: Average, serif\"><span style=\"font-size: medium\">Majoral: El majoral \u00e9s el que fa la convidada als participants de l&#8217;ajuntament per anar a la pla\u00e7a de Sant Bartomeu i gaudir els jocs i caragols que es fan. Sempre \u00e9s el darrer que van a cercar i quan ja l&#8217;han passat a cercar l\u2019arreplec finalitza.<\/span><\/span><\/p>\n<\/li>\n<\/ul>\n<ul>\n<li>\n<p align=\"justify\"><span style=\"font-family: Average, serif\"><span style=\"font-size: medium\">Abanderat: El banderer \u00e9s el primer que van a cercar per anar a recollir la bandera de la festa a cal majoral on ell li concedeix la bandera amb una petita oraci\u00f3 simb\u00f2lica que cada any es canvia.<\/span><\/span><\/p>\n<\/li>\n<\/ul>\n<p align=\"justify\"><span style=\"font-family: Average, serif\"><span style=\"font-size: medium\">Un pic que el flabioler ha arreplegat tota la colcada, es dirigeixen cap a la pla\u00e7a de Sant Bartomeu per comen\u00e7ar el jaleo. El jaleo consisteix en 3 voltes de caragol en qu\u00e8 els cavalls boten dins la pla\u00e7a entre la multitud de gent al mateix temps que sona <\/span><\/span><span style=\"font-family: Average, serif\"><span style=\"font-size: medium\"><i>El Postillon de La Rioja<\/i><\/span><\/span><span style=\"font-family: Average, serif\"><span style=\"font-size: medium\">, la can\u00e7\u00f3 t\u00edpica del jaleo.<\/span><\/span><\/p>\n<p align=\"justify\"><span style=\"font-family: Average, serif\"><span style=\"font-size: medium\">A continuaci\u00f3 ve la passada d\u2019anelles. Hi ha una anella penjada enmig de la pla\u00e7a, el cavaller du una llan\u00e7a amb la m\u00e0 i va galopant cap a l\u2019anella, consisteix a agafar-la amb la llan\u00e7a. Just despr\u00e9s de les anelles venen les corregudes d\u2019abra\u00e7ats, que consisteixen en dos cavallers, l&#8217;un devora l\u2019altre, que enllacen els bra\u00e7os i galopen abra\u00e7ats. Just en acabar les corregudes venen les canyes, b\u00e0sicament consisteix en el fet que tots els cavallers quan entren a la pla\u00e7a van cap a l\u2019escenari on est\u00e0 situada la banda de m\u00fasica i un membre de l\u2019ajuntament dona una canya a cada cavaller. Un pic que tots els cavallers han fet les canyes, \u00e9s el moment del darrer toc de flabiol, un moment trist perqu\u00e8 significa que la festa ja ha acabat. <\/span><\/span><\/p>\n<p align=\"justify\"><span style=\"font-family: Average, serif\"><span style=\"font-size: medium\">El darrer toc de flabiol consisteix que el flabioler fa el darrer toc del flabiol i seguidament es plega i es posa dins una capsa de fusta la bandera del poble i la banda del majoral i no es torna a obrir la capsa fins a l\u2019any seg\u00fcent. <\/span><\/span><\/p>\n<p align=\"justify\"><span style=\"font-family: Average, serif\"><span style=\"font-size: medium\">Aquesta \u00e9s la meva festa preferida, ja que combina tradici\u00f3 i sentiment. Jo he tengut la sort de veure com familiars meus hi han participat, cosa que fa la festa m\u00e9s especial. A mi sempre m\u2019han agradat els cavalls, i per aix\u00f2 aquesta festa \u00e9s la meva preferida. L\u2019ambient la m\u00fasica i la passi\u00f3 amb qu\u00e8 el poble viu aquesta festa la converteixen en una experi\u00e8ncia \u00fanica que espe any rere any.<\/span><\/span><\/p>\n<p style=\"text-align: right\" align=\"justify\"><strong><span style=\"font-family: Average, serif\"><span style=\"font-size: medium\">Llucia Llad\u00f3 Garc\u00eda, 4t ESO D<\/span><\/span><\/strong><\/p>\n","protected":false},"excerpt":{"rendered":"<p>La festa de Sant Bartomeu \u00e9s una festa patronal del  [&#8230;]<\/p>\n","protected":false},"author":9,"featured_media":409,"comment_status":"open","ping_status":"open","sticky":false,"template":"","format":"standard","meta":{"_jetpack_memberships_contains_paid_content":false,"footnotes":""},"categories":[31],"tags":[27,36,37],"class_list":["post-320","post","type-post","status-publish","format-standard","has-post-thumbnail","hentry","category-opinio","tag-4t-deso","tag-festa","tag-ses-salines"],"jetpack_featured_media_url":"https:\/\/www.iesdamiahuguet.net\/test\/wp-content\/uploads\/sites\/8\/2025\/04\/tempImagebRtJiL-scaled.jpg","jetpack_sharing_enabled":true,"_links":{"self":[{"href":"https:\/\/www.iesdamiahuguet.net\/test\/wp-json\/wp\/v2\/posts\/320","targetHints":{"allow":["GET"]}}],"collection":[{"href":"https:\/\/www.iesdamiahuguet.net\/test\/wp-json\/wp\/v2\/posts"}],"about":[{"href":"https:\/\/www.iesdamiahuguet.net\/test\/wp-json\/wp\/v2\/types\/post"}],"author":[{"embeddable":true,"href":"https:\/\/www.iesdamiahuguet.net\/test\/wp-json\/wp\/v2\/users\/9"}],"replies":[{"embeddable":true,"href":"https:\/\/www.iesdamiahuguet.net\/test\/wp-json\/wp\/v2\/comments?post=320"}],"version-history":[{"count":2,"href":"https:\/\/www.iesdamiahuguet.net\/test\/wp-json\/wp\/v2\/posts\/320\/revisions"}],"predecessor-version":[{"id":410,"href":"https:\/\/www.iesdamiahuguet.net\/test\/wp-json\/wp\/v2\/posts\/320\/revisions\/410"}],"wp:featuredmedia":[{"embeddable":true,"href":"https:\/\/www.iesdamiahuguet.net\/test\/wp-json\/wp\/v2\/media\/409"}],"wp:attachment":[{"href":"https:\/\/www.iesdamiahuguet.net\/test\/wp-json\/wp\/v2\/media?parent=320"}],"wp:term":[{"taxonomy":"category","embeddable":true,"href":"https:\/\/www.iesdamiahuguet.net\/test\/wp-json\/wp\/v2\/categories?post=320"},{"taxonomy":"post_tag","embeddable":true,"href":"https:\/\/www.iesdamiahuguet.net\/test\/wp-json\/wp\/v2\/tags?post=320"}],"curies":[{"name":"wp","href":"https:\/\/api.w.org\/{rel}","templated":true}]}}