{"id":308,"date":"2025-02-20T12:50:23","date_gmt":"2025-02-20T10:50:23","guid":{"rendered":"https:\/\/www.iesdamiahuguet.net\/test\/?p=308"},"modified":"2025-03-28T09:27:59","modified_gmt":"2025-03-28T07:27:59","slug":"la-meva-festa-preferida","status":"publish","type":"post","link":"https:\/\/www.iesdamiahuguet.net\/test\/2025\/02\/20\/la-meva-festa-preferida\/","title":{"rendered":"La meva festa preferida"},"content":{"rendered":"<p><span style=\"font-weight: 400;\">La meva festa preferida \u00e9s el Ramad\u00e0, ja que \u00e9s el mes sagrat del calendari isl\u00e0mic i un dels cinc pilars fonamentals de l\u00b4islam. Durant aquest mes, els musulmans participam en un dejuni amb l\u00b4objectiu d&#8217;apropar-se a D\u00e9u, reflexionar sobre si mateixos i refor\u00e7ar valors com la paci\u00e8ncia i la solidaritat.<\/span><\/p>\n<p><span style=\"font-weight: 400;\">Durant aquest per\u00edode, els musulmans no nom\u00e9s no menjam ni bevem sin\u00f3 tamb\u00e9 no hem de dir paraules negatives, mentir, parlar malament d\u00b4altres ni discutir.<\/span><\/p>\n<p><span style=\"font-weight: 400;\">Tamb\u00e9 passam m\u00e9s temps amb la fam\u00edlia, molts musulmans intenten recitar o escoltar l\u2019Alcor\u00e0 sencer durant el mes del Ramad\u00e0, ja que \u00e9s considerat el mes en qu\u00e8 va ser revelat.<\/span><\/p>\n<p><span style=\"font-weight: 400;\">El Ramad\u00e0 \u00e9s una experi\u00e8ncia que involucra el cos, la ment, amb la intenci\u00f3 de millorar no nom\u00e9s la relaci\u00f3 personal amb D\u00e9u, sin\u00f3 tamb\u00e9 amb el m\u00f3n.<\/span><\/p>\n<p><span style=\"font-weight: 400;\">En conclusi\u00f3, m&#8217;agrada el Ramad\u00e0 perqu\u00e8 em sent m\u00e9s a prop de D\u00e9u i em dona pau i paci\u00e8ncia, i tamb\u00e9 perqu\u00e8 quan acaba tenim la gran festa.<\/span><\/p>\n<p>&nbsp;<\/p>\n<p style=\"text-align: right;\"><strong>Reda Lahmar, 4t d\u2019ESO E<\/strong><\/p>\n<p><br style=\"font-weight: 400;\" \/><br style=\"font-weight: 400;\" \/><\/p>\n","protected":false},"excerpt":{"rendered":"<p>La meva festa preferida \u00e9s el Ramad\u00e0, ja que \u00e9s  [&#8230;]<\/p>\n","protected":false},"author":9,"featured_media":289,"comment_status":"open","ping_status":"open","sticky":false,"template":"","format":"standard","meta":{"_jetpack_memberships_contains_paid_content":false,"footnotes":""},"categories":[31],"tags":[27,32],"class_list":["post-308","post","type-post","status-publish","format-standard","has-post-thumbnail","hentry","category-opinio","tag-4t-deso","tag-ramada"],"jetpack_featured_media_url":"https:\/\/www.iesdamiahuguet.net\/test\/wp-content\/uploads\/sites\/8\/2024\/03\/fall-sale-newsletter-bg-1.jpg","jetpack_sharing_enabled":true,"_links":{"self":[{"href":"https:\/\/www.iesdamiahuguet.net\/test\/wp-json\/wp\/v2\/posts\/308","targetHints":{"allow":["GET"]}}],"collection":[{"href":"https:\/\/www.iesdamiahuguet.net\/test\/wp-json\/wp\/v2\/posts"}],"about":[{"href":"https:\/\/www.iesdamiahuguet.net\/test\/wp-json\/wp\/v2\/types\/post"}],"author":[{"embeddable":true,"href":"https:\/\/www.iesdamiahuguet.net\/test\/wp-json\/wp\/v2\/users\/9"}],"replies":[{"embeddable":true,"href":"https:\/\/www.iesdamiahuguet.net\/test\/wp-json\/wp\/v2\/comments?post=308"}],"version-history":[{"count":2,"href":"https:\/\/www.iesdamiahuguet.net\/test\/wp-json\/wp\/v2\/posts\/308\/revisions"}],"predecessor-version":[{"id":371,"href":"https:\/\/www.iesdamiahuguet.net\/test\/wp-json\/wp\/v2\/posts\/308\/revisions\/371"}],"wp:featuredmedia":[{"embeddable":true,"href":"https:\/\/www.iesdamiahuguet.net\/test\/wp-json\/wp\/v2\/media\/289"}],"wp:attachment":[{"href":"https:\/\/www.iesdamiahuguet.net\/test\/wp-json\/wp\/v2\/media?parent=308"}],"wp:term":[{"taxonomy":"category","embeddable":true,"href":"https:\/\/www.iesdamiahuguet.net\/test\/wp-json\/wp\/v2\/categories?post=308"},{"taxonomy":"post_tag","embeddable":true,"href":"https:\/\/www.iesdamiahuguet.net\/test\/wp-json\/wp\/v2\/tags?post=308"}],"curies":[{"name":"wp","href":"https:\/\/api.w.org\/{rel}","templated":true}]}}