{"id":305,"date":"2025-02-20T12:46:02","date_gmt":"2025-02-20T10:46:02","guid":{"rendered":"https:\/\/www.iesdamiahuguet.net\/test\/?p=305"},"modified":"2025-02-20T12:46:02","modified_gmt":"2025-02-20T10:46:02","slug":"una-visita-inoblidable-a-ib3-descobrint-els-secrets-de-la-televisio","status":"publish","type":"post","link":"https:\/\/www.iesdamiahuguet.net\/test\/2025\/02\/20\/una-visita-inoblidable-a-ib3-descobrint-els-secrets-de-la-televisio\/","title":{"rendered":"Una visita inoblidable a IB3: descobrint els secrets de la televisi\u00f3"},"content":{"rendered":"<p><span style=\"font-weight: 400\">El passat dimecres dia 22, els grups de <\/span><i><span style=\"font-weight: 400\">Digitalitzaci\u00f3<\/span><\/i><span style=\"font-weight: 400\"> de 4t d\u2019ESO i el de <\/span><i><span style=\"font-weight: 400\">Programaci\u00f3 i tractament de dades <\/span><\/i><span style=\"font-weight: 400\">de 1r de Batxillerat vam tenir l\u2019oportunitat de visitar les instal\u00b7lacions d\u2019IB3, la televisi\u00f3 p\u00fablica de les Illes Balears.\u00a0<\/span><\/p>\n<p><span style=\"font-weight: 400\">A les deu del mat\u00ed ens va rebre la responsable de la visita, i tot seguit ens vam endinsar en un recorregut que ens va permetre con\u00e8ixer els engranatges que fan possible l\u2019emissi\u00f3 televisiva.<\/span><\/p>\n<p><span style=\"font-weight: 400\">La primera aturada va ser el plat\u00f3 n\u00famero 1, on es realitzen els informatius. All\u00e0 ens va atendre en Ricardo, el nostre guia, que ens va explicar com funciona el \u201cprompter\u201d que permet als presentadors llegir les not\u00edcies, i com la televisi\u00f3 ha passat d\u2019un entorn anal\u00f2gic a un de totalment digital. Vam descobrir que fan servir un \u00fanic programari, anomenat Dalet, que facilita la feina de redacci\u00f3, locuci\u00f3 i edici\u00f3 de les not\u00edcies, de principi a fi. Despr\u00e9s vam poder observar la sala de control, on els t\u00e8cnics trien quina c\u00e0mera es mostra en pantalla i on es controla la il\u00b7luminaci\u00f3, el color i el \u201cprompter\u201d.<\/span><\/p>\n<p><span style=\"font-weight: 400\">La visita va continuar amb la descoberta de dos plat\u00f3s de gran format, on es produeixen programes de mat\u00ed, horabaixa i un \u201clate night.\u201d\u00a0<\/span><\/p>\n<p><span style=\"font-weight: 400\">All\u00e0 ens v\u00e0rem fixar en la il\u00b7luminaci\u00f3, la import\u00e0ncia dels filtres de color, els difusors per fer la llum m\u00e9s suau i les banderes negres que s\u2019utilitzen per retallar la llum.<\/span><\/p>\n<p><span style=\"font-weight: 400\">Els alumnes s\u2019ho van passar d\u2019all\u00f2 m\u00e9s b\u00e9 asseient-se als sof\u00e0s i a les taules que fan servir els presentadors per conduir els programes. Va ser una experi\u00e8ncia molt divertida i profitosa, ja que van poder experimentar de primera m\u00e0 com \u00e9s trobar-se a plat\u00f3.<\/span><\/p>\n<p><span style=\"font-weight: 400\">Tot seguit, vam accedir a la redacci\u00f3, un lloc ple de vida on els periodistes cerquen informaci\u00f3, redacten i munten not\u00edcies. Aquest va ser un moment especialment emotiu perqu\u00e8 l\u2019explicaci\u00f3 ens la va oferir na Maria Magdalena Huguet, filla de Dami\u00e0 Huguet, la persona que dona nom al nostre Institut, fet que va generar una connexi\u00f3 molt especial entre els alumnes i l\u2019equip d\u2019IB3.<\/span><\/p>\n<p><span style=\"font-weight: 400\">Per acabar, vam visitar la zona de sistemes i emmagatzematge, la part m\u00e9s \u201ctecnol\u00f2gica\u201d de la televisi\u00f3, on es guarda tot el material audiovisual.\u00a0<\/span><\/p>\n<p><span style=\"font-weight: 400\">Vam sortir amb una visi\u00f3 molt m\u00e9s clara de com \u201ces cou\u201d una televisi\u00f3 per dins: des de la recerca de la not\u00edcia fins a la seva emissi\u00f3.<\/span><\/p>\n<p><span style=\"font-weight: 400\">Sens dubte, va ser una experi\u00e8ncia enriquidora i entretinguda. Els alumnes van gaudir i van aprendre de primera m\u00e0 el funcionament d\u2019un mitj\u00e0 de comunicaci\u00f3 tan rellevant a la nostra comunitat. Una visita que, ben segur, recordarem durant molt de temps!<\/span><\/p>\n<p>&nbsp;<\/p>\n<p style=\"text-align: right\"><span style=\"font-weight: 400\"><strong>Rafel G\u00f3mez, Departament de Tecnologi<\/strong>a<\/span><\/p>\n<p><br style=\"font-weight: 400\" \/><br style=\"font-weight: 400\" \/><\/p>\n","protected":false},"excerpt":{"rendered":"<p>El passat dimecres dia 22, els grups de Digitalitzaci\u00f3 de  [&#8230;]<\/p>\n","protected":false},"author":9,"featured_media":306,"comment_status":"open","ping_status":"open","sticky":false,"template":"","format":"standard","meta":{"_jetpack_memberships_contains_paid_content":false,"footnotes":""},"categories":[18],"tags":[27,30,22],"class_list":["post-305","post","type-post","status-publish","format-standard","has-post-thumbnail","hentry","category-novetats","tag-4t-deso","tag-ib3","tag-tecnologia"],"jetpack_featured_media_url":"https:\/\/www.iesdamiahuguet.net\/test\/wp-content\/uploads\/sites\/8\/2025\/02\/tempImagel0Gvbt-scaled.jpg","jetpack_sharing_enabled":true,"_links":{"self":[{"href":"https:\/\/www.iesdamiahuguet.net\/test\/wp-json\/wp\/v2\/posts\/305","targetHints":{"allow":["GET"]}}],"collection":[{"href":"https:\/\/www.iesdamiahuguet.net\/test\/wp-json\/wp\/v2\/posts"}],"about":[{"href":"https:\/\/www.iesdamiahuguet.net\/test\/wp-json\/wp\/v2\/types\/post"}],"author":[{"embeddable":true,"href":"https:\/\/www.iesdamiahuguet.net\/test\/wp-json\/wp\/v2\/users\/9"}],"replies":[{"embeddable":true,"href":"https:\/\/www.iesdamiahuguet.net\/test\/wp-json\/wp\/v2\/comments?post=305"}],"version-history":[{"count":1,"href":"https:\/\/www.iesdamiahuguet.net\/test\/wp-json\/wp\/v2\/posts\/305\/revisions"}],"predecessor-version":[{"id":307,"href":"https:\/\/www.iesdamiahuguet.net\/test\/wp-json\/wp\/v2\/posts\/305\/revisions\/307"}],"wp:featuredmedia":[{"embeddable":true,"href":"https:\/\/www.iesdamiahuguet.net\/test\/wp-json\/wp\/v2\/media\/306"}],"wp:attachment":[{"href":"https:\/\/www.iesdamiahuguet.net\/test\/wp-json\/wp\/v2\/media?parent=305"}],"wp:term":[{"taxonomy":"category","embeddable":true,"href":"https:\/\/www.iesdamiahuguet.net\/test\/wp-json\/wp\/v2\/categories?post=305"},{"taxonomy":"post_tag","embeddable":true,"href":"https:\/\/www.iesdamiahuguet.net\/test\/wp-json\/wp\/v2\/tags?post=305"}],"curies":[{"name":"wp","href":"https:\/\/api.w.org\/{rel}","templated":true}]}}