{"id":302,"date":"2025-02-20T12:41:38","date_gmt":"2025-02-20T10:41:38","guid":{"rendered":"https:\/\/www.iesdamiahuguet.net\/test\/?p=302"},"modified":"2025-02-20T12:41:38","modified_gmt":"2025-02-20T10:41:38","slug":"taller-de-gloses","status":"publish","type":"post","link":"https:\/\/www.iesdamiahuguet.net\/test\/2025\/02\/20\/taller-de-gloses\/","title":{"rendered":"Taller de gloses"},"content":{"rendered":"<p><span style=\"font-weight: 400\">El mes de gener, el Departament de Llengua Catalana i Literatura va organitzar un taller de gloses per a tots els grups de 4t d\u2019ESO i 2n de batxillerat. L\u2019encarregat de dur-lo a terme va ser en Mateu Xur\u00ed, de Glosadors de Mallorca. Va explicar als alumnes qu\u00e8 \u00e9s una glosa, quina estructura t\u00e9, la m\u00e8trica i la rima, i les estrat\u00e8gies per poder improvisar-ne una.<\/span><\/p>\n<p><span style=\"font-weight: 400\">A continuaci\u00f3 va fer-ne una de ben llarga amb les paraules que els alumnes li havien dit. Ffinalment, tots els que varen voler en varen poder fer una, amb l\u2019ajuda d\u2019uns versos que en Xur\u00ed els va dir per tenir un punt de partida i que fos m\u00e9s f\u00e0cil.<\/span><\/p>\n<p><span style=\"font-weight: 400\">Va ser un taller molt profit\u00f3s i alhora entretengut, ja que els alumnes hi varen poder participar activament.<\/span><\/p>\n<p>&nbsp;<\/p>\n<p style=\"text-align: right\"><strong>Departament de Llengua Catalana i Literatura<\/strong><\/p>\n<p><br style=\"font-weight: 400\" \/><br style=\"font-weight: 400\" \/><\/p>\n","protected":false},"excerpt":{"rendered":"<p>El mes de gener, el Departament de Llengua Catalana i  [&#8230;]<\/p>\n","protected":false},"author":9,"featured_media":303,"comment_status":"open","ping_status":"open","sticky":false,"template":"","format":"standard","meta":{"_jetpack_memberships_contains_paid_content":false,"footnotes":""},"categories":[18],"tags":[28,27,29,26],"class_list":["post-302","post","type-post","status-publish","format-standard","has-post-thumbnail","hentry","category-novetats","tag-2n-de-batxillerat","tag-4t-deso","tag-catala","tag-gloses"],"jetpack_featured_media_url":"https:\/\/www.iesdamiahuguet.net\/test\/wp-content\/uploads\/sites\/8\/2025\/02\/Taller-de-gloses-scaled.jpg","jetpack_sharing_enabled":true,"_links":{"self":[{"href":"https:\/\/www.iesdamiahuguet.net\/test\/wp-json\/wp\/v2\/posts\/302","targetHints":{"allow":["GET"]}}],"collection":[{"href":"https:\/\/www.iesdamiahuguet.net\/test\/wp-json\/wp\/v2\/posts"}],"about":[{"href":"https:\/\/www.iesdamiahuguet.net\/test\/wp-json\/wp\/v2\/types\/post"}],"author":[{"embeddable":true,"href":"https:\/\/www.iesdamiahuguet.net\/test\/wp-json\/wp\/v2\/users\/9"}],"replies":[{"embeddable":true,"href":"https:\/\/www.iesdamiahuguet.net\/test\/wp-json\/wp\/v2\/comments?post=302"}],"version-history":[{"count":1,"href":"https:\/\/www.iesdamiahuguet.net\/test\/wp-json\/wp\/v2\/posts\/302\/revisions"}],"predecessor-version":[{"id":304,"href":"https:\/\/www.iesdamiahuguet.net\/test\/wp-json\/wp\/v2\/posts\/302\/revisions\/304"}],"wp:featuredmedia":[{"embeddable":true,"href":"https:\/\/www.iesdamiahuguet.net\/test\/wp-json\/wp\/v2\/media\/303"}],"wp:attachment":[{"href":"https:\/\/www.iesdamiahuguet.net\/test\/wp-json\/wp\/v2\/media?parent=302"}],"wp:term":[{"taxonomy":"category","embeddable":true,"href":"https:\/\/www.iesdamiahuguet.net\/test\/wp-json\/wp\/v2\/categories?post=302"},{"taxonomy":"post_tag","embeddable":true,"href":"https:\/\/www.iesdamiahuguet.net\/test\/wp-json\/wp\/v2\/tags?post=302"}],"curies":[{"name":"wp","href":"https:\/\/api.w.org\/{rel}","templated":true}]}}